{"id":637,"date":"2025-04-16T17:21:56","date_gmt":"2025-04-16T20:21:56","guid":{"rendered":"https:\/\/projetos.uel.br\/praxis\/?p=637"},"modified":"2025-05-07T15:49:21","modified_gmt":"2025-05-07T18:49:21","slug":"praxis-itinerante-se-torna-programa-de-extensao","status":"publish","type":"post","link":"https:\/\/projetos.uel.br\/praxis\/noticias\/2025\/04\/16\/praxis-itinerante-se-torna-programa-de-extensao\/","title":{"rendered":"Pr\u00e1xis Itinerante se torna Programa de Extens\u00e3o"},"content":{"rendered":"\n<p>O <a href=\"https:\/\/projetos.uel.br\/praxis\/o-praxis-2\/\" data-type=\"link\" data-id=\"https:\/\/projetos.uel.br\/praxis\/o-praxis-2\/\">Pr\u00e1xis Itinerante<\/a>, fundado em 2018 e atuando at\u00e9 ent\u00e3o como Projeto de Extens\u00e3o, em 2025, se tornou Programa de Extens\u00e3o.\u00a0Ou seja, antes, como Projeto, as atividades teriam uma data para finaliza\u00e7\u00e3o, mas como Programa de Extens\u00e3o isso n\u00e3o acontece tornando as atua\u00e7\u00f5es cont\u00ednuas.\u00a0<\/p>\n\n\n\n<p>Desde seu in\u00edcio, o Pr\u00e1xis Itinerante tem os objetivos de promover a educa\u00e7\u00e3o na comunidade londrinense e valorizar a cultura.\u00a0                                                                                                                                                                                                          No \u00e2mbito educacional, destacam-se as atividades desenvolvidas em escolas p\u00fablicas de Londrina e regi\u00e3o, como oficinas informativas e aulas pr\u00e9-vestibulares. Al\u00e9m de eventos como, a <a href=\"https:\/\/projetos.uel.br\/praxis\/jornada-pela-visibilidade-trans-2025\/\" data-type=\"link\" data-id=\"https:\/\/projetos.uel.br\/praxis\/jornada-pela-visibilidade-trans-2025\/\">Jornada pela Visibilidade Trans<\/a>, <a href=\"https:\/\/projetos.uel.br\/praxis\/i-simposio-internacional-praxis-itinerante\/\" data-type=\"link\" data-id=\"https:\/\/projetos.uel.br\/praxis\/i-simposio-internacional-praxis-itinerante\/\">I Simp\u00f3sio Internacional Pr\u00e1xis Itinerante<\/a> e muitos outros, que voc\u00ea encontra mais informa\u00e7\u00f5es <a href=\"https:\/\/projetos.uel.br\/praxis\/categoria\/educacao\/\" data-type=\"link\" data-id=\"https:\/\/projetos.uel.br\/praxis\/categoria\/educacao\/\">aqui<\/a>.                                                                    Culturalmente, o Pr\u00e1xis busca incentivar a democratiza\u00e7\u00e3o cultural com realiza\u00e7\u00f5es como a <a href=\"https:\/\/projetos.uel.br\/praxis\/batalha-coroa-de-ouro\/\" data-type=\"link\" data-id=\"https:\/\/projetos.uel.br\/praxis\/batalha-coroa-de-ouro\/\">Batalha Coroa de Ouro<\/a>, <a href=\"https:\/\/projetos.uel.br\/praxis\/festival-das-diversidades\/\">Festival das Diversidades<\/a> e <a href=\"https:\/\/projetos.uel.br\/praxis\/recepciona-praxis\/\">Recepciona Pr\u00e1xis<\/a>.\u00a0<\/p>\n\n\n\n<p><\/p>\n","protected":false},"excerpt":{"rendered":"<p>O Pr\u00e1xis Itinerante, fundado em 2018 e atuando at\u00e9 ent\u00e3o como Projeto de Extens\u00e3o, em 2025, se tornou Programa de Extens\u00e3o.\u00a0Ou seja, antes, como Projeto, as atividades teriam uma data para finaliza\u00e7\u00e3o, mas como Programa de Extens\u00e3o isso n\u00e3o acontece tornando as atua\u00e7\u00f5es cont\u00ednuas.\u00a0 Desde seu in\u00edcio, o Pr\u00e1xis Itinerante tem os objetivos de promover [&hellip;]<\/p>\n","protected":false},"author":12,"featured_media":1280,"comment_status":"open","ping_status":"open","sticky":false,"template":"","format":"standard","meta":{"_acf_changed":false,"footnotes":""},"categories":[33,32,1],"tags":[],"class_list":["post-637","post","type-post","status-publish","format-standard","has-post-thumbnail","hentry","category-cultura","category-educacao","category-noticias"],"acf":[],"_links":{"self":[{"href":"https:\/\/projetos.uel.br\/praxis\/wp-json\/wp\/v2\/posts\/637","targetHints":{"allow":["GET"]}}],"collection":[{"href":"https:\/\/projetos.uel.br\/praxis\/wp-json\/wp\/v2\/posts"}],"about":[{"href":"https:\/\/projetos.uel.br\/praxis\/wp-json\/wp\/v2\/types\/post"}],"author":[{"embeddable":true,"href":"https:\/\/projetos.uel.br\/praxis\/wp-json\/wp\/v2\/users\/12"}],"replies":[{"embeddable":true,"href":"https:\/\/projetos.uel.br\/praxis\/wp-json\/wp\/v2\/comments?post=637"}],"version-history":[{"count":1,"href":"https:\/\/projetos.uel.br\/praxis\/wp-json\/wp\/v2\/posts\/637\/revisions"}],"predecessor-version":[{"id":641,"href":"https:\/\/projetos.uel.br\/praxis\/wp-json\/wp\/v2\/posts\/637\/revisions\/641"}],"wp:featuredmedia":[{"embeddable":true,"href":"https:\/\/projetos.uel.br\/praxis\/wp-json\/wp\/v2\/media\/1280"}],"wp:attachment":[{"href":"https:\/\/projetos.uel.br\/praxis\/wp-json\/wp\/v2\/media?parent=637"}],"wp:term":[{"taxonomy":"category","embeddable":true,"href":"https:\/\/projetos.uel.br\/praxis\/wp-json\/wp\/v2\/categories?post=637"},{"taxonomy":"post_tag","embeddable":true,"href":"https:\/\/projetos.uel.br\/praxis\/wp-json\/wp\/v2\/tags?post=637"}],"curies":[{"name":"wp","href":"https:\/\/api.w.org\/{rel}","templated":true}]}}