{"id":579,"date":"2025-04-09T17:07:40","date_gmt":"2025-04-09T20:07:40","guid":{"rendered":"https:\/\/projetos.uel.br\/praxis\/?p=579"},"modified":"2025-06-16T13:38:16","modified_gmt":"2025-06-16T16:38:16","slug":"universidade-para-todos","status":"publish","type":"post","link":"https:\/\/projetos.uel.br\/praxis\/noticias\/2025\/04\/09\/universidade-para-todos\/","title":{"rendered":"UNIVERSIDADE PARA TODOS"},"content":{"rendered":"<div class=\"wp-block-image\">\n<figure class=\"aligncenter size-large\"><img loading=\"lazy\" decoding=\"async\" width=\"724\" height=\"1024\" src=\"https:\/\/projetos.uel.br\/praxis\/wp-content\/uploads\/2025\/04\/MODELO-724x1024.png\" alt=\"\" class=\"wp-image-586\" srcset=\"https:\/\/projetos.uel.br\/praxis\/wp-content\/uploads\/2025\/04\/MODELO-724x1024.png 724w, https:\/\/projetos.uel.br\/praxis\/wp-content\/uploads\/2025\/04\/MODELO-212x300.png 212w, https:\/\/projetos.uel.br\/praxis\/wp-content\/uploads\/2025\/04\/MODELO-768x1086.png 768w, https:\/\/projetos.uel.br\/praxis\/wp-content\/uploads\/2025\/04\/MODELO-1086x1536.png 1086w, https:\/\/projetos.uel.br\/praxis\/wp-content\/uploads\/2025\/04\/MODELO-1448x2048.png 1448w\" sizes=\"auto, (max-width: 724px) 100vw, 724px\" \/><\/figure>\n<\/div>\n\n\n<p><strong>Exame Nacional do Ensino M\u00e9dio (ENEM):<\/strong> principal m\u00e9todo de ingresso nas institui\u00e7\u00f5es p\u00fablicas de n\u00edvel superior. As notas obtidas no exame podem ser usadas pelo estudante para acesso ao Sistema de Sele\u00e7\u00e3o Unificada (Sisu), ao Programa Universidade para Todos (ProUni) e para se candidatar ao financiamento estudantil em programas do governo, como o Fundo de Financiamento Estudantil (Fies). <\/p>\n\n\n\n<p>A <strong>participa\u00e7\u00e3o<\/strong> no Enem \u00e9 aberta a todos que quiserem realizar&nbsp; a prova. Um cronograma com datas e prazos para inscri\u00e7\u00e3o, pagamentos, isen\u00e7\u00e3o e aplica\u00e7\u00e3o da prova \u00e9 divulgado com anteced\u00eancia. Tais informa\u00e7\u00f5es podem ser encontradas no site <a href=\"https:\/\/enem.inep.gov.br\/\">https:\/\/enem.inep.gov.br\/<\/a>.<\/p>\n\n\n\n<p><strong>ISEN\u00c7\u00c3O:<\/strong> interessados em fazer o exame de gra\u00e7a ter\u00e3o dos dias 14 at\u00e9 25 de ABRIL para solicitar isen\u00e7\u00e3o ao Inep.<\/p>\n\n\n\n<p>Quem pode pedir isen\u00e7\u00e3o no ENEM? Voc\u00ea pode pedir isen\u00e7\u00e3o se:<\/p>\n\n\n\n<ol class=\"wp-block-list\">\n<li>Est\u00e1 no 3\u00b0 ano do Ensino M\u00e9dio em escola p\u00fablica (em 2025);<\/li>\n\n\n\n<li>Fez todo o ensino m\u00e9dio em escola p\u00fablica ou como bolsista integral (bolsa 100%) em escola privada e que possua renda igual ou inferior a um sal\u00e1rio m\u00ednimo e meio;<\/li>\n\n\n\n<li>Tem Cadastro \u00danico para Programas Sociais (Cad\u00danico) com NIS v\u00e1lido.<\/li>\n<\/ol>\n\n\n\n<p><strong>OBS: Pedir isen\u00e7\u00e3o N\u00c3O \u00e9 o mesmo que se inscrever no Enem! Mesmo com a isen\u00e7\u00e3o aprovada, voc\u00ea ainda precisa fazer a inscri\u00e7\u00e3o no Enem dentro do prazo oficial.&nbsp;<\/strong><\/p>\n\n\n\n<p>\u2192 Prova Paran\u00e1 Mais: a UEL aderiu ao programa Aprova Paran\u00e1 Universidades, destinando 20% das vagas de seus cursos de gradua\u00e7\u00e3o para candidatos que realizaram a Prova Paran\u00e1 Mais.<\/p>\n\n\n\n<p>Para ingressar na UEL por meio da Prova Paran\u00e1 Mais, \u00e9 importante se atentar aos seguintes passos:<\/p>\n\n\n\n<ol class=\"wp-block-list\">\n<li><strong>Realiza\u00e7\u00e3o da Prova Paran\u00e1 Mais<\/strong>: Certifique-se de ter participado da Prova Paran\u00e1 Mais, aplicada pela Secretaria de Estado da Educa\u00e7\u00e3o do Paran\u00e1.\u200b<br><\/li>\n\n\n\n<li><strong>Inscri\u00e7\u00e3o no Aprova Paran\u00e1 Universidades<\/strong>: Ap\u00f3s a realiza\u00e7\u00e3o da prova, inscreva-se no sistema Aprova Paran\u00e1 Universidades dentro do per\u00edodo estabelecido. As inscri\u00e7\u00f5es geralmente ocorrem em janeiro, portanto, \u00e9 importante acompanhar os prazos divulgados pela Secretaria de Estado da Educa\u00e7\u00e3o (SEED) e pela UEL.<br><\/li>\n\n\n\n<li><strong>Acompanhamento dos Resultados e Convoca\u00e7\u00f5es<\/strong>: Ap\u00f3s a inscri\u00e7\u00e3o, acompanhe os resultados e eventuais convoca\u00e7\u00f5es no site oficial da UEL e no portal do Aprova Paran\u00e1 Universidades. Fique atento aos prazos para matr\u00edcula e \u00e0 documenta\u00e7\u00e3o necess\u00e1ria para efetivar sua entrada na universidade.\u200b<br><\/li>\n<\/ol>\n\n\n\n<p><strong>Lembre-se de que \u00e9 fundamental cumprir todos os requisitos estabelecidos pela UEL e pelo programa Aprova Paran\u00e1 Universidades, al\u00e9m de acompanhar regularmente as informa\u00e7\u00f5es e atualiza\u00e7\u00f5es nos canais oficiais da universidade e da Secretaria de Estado da Educa\u00e7\u00e3o do Paran\u00e1.<\/strong><\/p>\n\n\n\n<p><strong>\u2192 Vestibular Ind\u00edgena:<\/strong> \u200bO Vestibular dos Povos Ind\u00edgenas no Paran\u00e1 \u00e9 um processo seletivo espec\u00edfico destinado a estudantes de comunidades ind\u00edgenas que desejam ingressar em universidades p\u00fablicas do estado, incluindo a Universidade Estadual de Londrina (UEL). Anualmente, s\u00e3o oferecidas seis vagas suplementares para candidatos ind\u00edgenas em cada uma das sete universidades estaduais do Paran\u00e1, totalizando 42 vagas, al\u00e9m de 10 vagas na Universidade Federal do Paran\u00e1 (UFPR), destinadas a etnias ind\u00edgenas residentes no Brasil .\u200b<\/p>\n\n\n\n<p><strong>Inscri\u00e7\u00e3o:<\/strong> As inscri\u00e7\u00f5es s\u00e3o gratuitas e ocorrem em per\u00edodos espec\u00edficos divulgados nos editais oficiais. Os candidatos podem se inscrever online atrav\u00e9s do portal da Coordenadoria de Processos Seletivos (COPS) da UEL ou presencialmente nas universidades participantes<\/p>\n\n\n\n<p><\/p>\n\n\n\n<p><\/p>\n\n\n\n<h2 class=\"wp-block-heading\"><strong>\u2192 Vestibular UEL: <\/strong><\/h2>\n\n\n\n<p>O Vestibular da Universidade Estadual de Londrina (UEL) ocorre uma vez por ano e esse ano funcionar\u00e1 da seguinte forma:<\/p>\n\n\n\n<ul class=\"wp-block-list\">\n<li><strong>Prova de Habilidades Espec\u00edficas (PHE):  <\/strong><\/li>\n\n\n\n<li>Data: 14 de setembro de 2025 <\/li>\n\n\n\n<li>\u00c9 uma prova de habilidades espec\u00edficas para alguns cursos, sendo eles:\n<ul class=\"wp-block-list\">\n<li>Design Gr\u00e1fico<\/li>\n\n\n\n<li>Design de Moda<\/li>\n\n\n\n<li>Arquitetura e Urbanismo<\/li>\n\n\n\n<li>M\u00fasica <\/li>\n\n\n\n<li>Artes Visuais<\/li>\n<\/ul>\n<\/li>\n<\/ul>\n\n\n\n<ul class=\"wp-block-list\">\n<li><strong>1\u00ba Dia<\/strong> \u2013 <strong>Conhecimentos Gerais e Reda\u00e7\u00e3o<\/strong> <\/li>\n\n\n\n<li>Dura\u00e7\u00e3o: 5 horas <\/li>\n\n\n\n<li>Data: 26 de outubro de 2025<br>\u2714 Prova objetiva com <strong>60 quest\u00f5es<\/strong> de m\u00faltipla escolha, abrangendo:<br>\n<ul class=\"wp-block-list\">\n<li>Portugu\u00eas \/ Literatura<br><\/li>\n\n\n\n<li>L\u00edngua Estrangeira (Ingl\u00eas ou Espanhol \u2013 escolha feita na inscri\u00e7\u00e3o)<br><\/li>\n\n\n\n<li>Artes<br><\/li>\n\n\n\n<li>Matem\u00e1tica<br><\/li>\n\n\n\n<li>Qu\u00edmica<br><\/li>\n\n\n\n<li>F\u00edsica<br><\/li>\n\n\n\n<li>Biologia<br><\/li>\n\n\n\n<li>Filosofia<br><\/li>\n\n\n\n<li>Geografia<br><\/li>\n\n\n\n<li>Hist\u00f3ria <\/li>\n<\/ul>\n<\/li>\n<\/ul>\n\n\n\n<p>            \u2714 Prova de Reda\u00e7\u00e3o, com uma \u00fanica proposta.<\/p>\n\n\n\n<p><\/p>\n\n\n\n<ul class=\"wp-block-list\">\n<li><strong>2\u00ba Dia<\/strong> \u2013 <strong>Disciplinas Espec\u00edficas<\/strong><\/li>\n\n\n\n<li>Dura\u00e7\u00e3o: 3 horas<\/li>\n\n\n\n<li>Data: 27 de outubro de 2025. \n<ul class=\"wp-block-list\">\n<li>Prova de Conhecimentos Espec\u00edficos com 9 quest\u00f5es discursivas: Disciplina 1, Disciplina 2 e Sociologia. <br><\/li>\n<\/ul>\n<\/li>\n<\/ul>\n\n\n\n<p><strong>\u26a0\ufe0f<\/strong> <strong>ATEN\u00c7\u00c3O<\/strong>!!!                                                                                                                                                                                                          <\/p>\n\n\n\n<p>O segundo dia, a prova de Disciplinas Espec\u00edficas, n\u00e3o ser\u00e1 para todos os cursos, apenas aqueles cursos concorridos considerando a m\u00e9dia da rela\u00e7\u00e3o candidato\/vaga igual ou maior a 10, pelo sistema universal, nas \u00faltimas tr\u00eas edi\u00e7\u00f5es do Vestibular.<\/p>\n\n\n\n<p><strong>Como saber se meu curso tem 2\u00ba dia de prova?<\/strong><\/p>\n\n\n\n<p>Segundo a Cops, os cursos que far\u00e3o a Prova de Conhecimentos Espec\u00edficos, ser\u00e3o: <\/p>\n\n\n\n<ul class=\"wp-block-list\">\n<li>Agronomia<\/li>\n\n\n\n<li>Biomedicina<\/li>\n\n\n\n<li>Ci\u00eancia da Computa\u00e7\u00e3o<\/li>\n\n\n\n<li>Ci\u00eancia de Dados e Intelig\u00eancia Artificial<\/li>\n\n\n\n<li>Design de Moda<\/li>\n\n\n\n<li>Design Gr\u00e1fico<\/li>\n\n\n\n<li>Direito<\/li>\n\n\n\n<li>Medicina <\/li>\n\n\n\n<li>Medicina Veterin\u00e1ria <\/li>\n\n\n\n<li>Nutri\u00e7\u00e3o<\/li>\n\n\n\n<li>Odontologia <\/li>\n\n\n\n<li>Psicologia<\/li>\n<\/ul>\n\n\n\n<p><strong>O que \u00e9 a rela\u00e7\u00e3o candidato\/vaga?<\/strong><\/p>\n\n\n\n<p>Em cada curso, s\u00e3o contabilizados quantos candidatos se inscreveram e quantas vagas existem para aquele curso, assim, \u00e9 feita a rela\u00e7\u00e3o candidato\/vaga. Exemplo: <\/p>\n\n\n\n<p>Em um curso, 150 candidatos se inscreveram e existem 30 vagas. <\/p>\n\n\n\n<p>Ou seja, 5 candidatos concorrem 1 vaga, sendo essa a rela\u00e7\u00e3o candidato\/vaga. <\/p>\n\n\n\n<p>Essa conta \u00e9 feita da seguinte maneira: N\u00famero de candidatos dividido pelo n\u00famero de vagas ofertadas. 150 \u00f7 30 = 5.<\/p>\n\n\n\n<p><\/p>\n\n\n\n<h3 class=\"wp-block-heading\"><strong>\u26a0\ufe0f <\/strong>Peso das notas <\/h3>\n\n\n\n<ul class=\"wp-block-list\">\n<li>Candidatos que far\u00e3o apenas o primeiro dia:\n<ul class=\"wp-block-list\">\n<li>60% da nota: Prova de Conhecimentos Gerais. <\/li>\n\n\n\n<li>40% da nota: Reda\u00e7\u00e3o.<\/li>\n<\/ul>\n<\/li>\n\n\n\n<li>Candidatos que far\u00e3o o primeiro e o segundo dia: \n<ul class=\"wp-block-list\">\n<li>30% da nota: Prova de Conhecimentos Gerais. <\/li>\n\n\n\n<li>30% da nota: Reda\u00e7\u00e3o. <\/li>\n\n\n\n<li>40% da nota: Prova de Conhecimentos Espec\u00edficos.<\/li>\n<\/ul>\n<\/li>\n<\/ul>\n\n\n\n<p><\/p>\n\n\n\n<h3 class=\"wp-block-heading\"><strong>\ud83d\udccd Local de Aplica\u00e7\u00e3o<\/strong><\/h3>\n\n\n\n<p>Todas as provas do Vestibular UEL s\u00e3o aplicadas <strong>exclusivamente na cidade de Londrina \u2013 PR<\/strong>.<\/p>\n\n\n\n<p>Per\u00edodo de Inscri\u00e7\u00e3o<\/p>\n\n\n\n<p>Isen\u00e7\u00e3o de Taxa: deve ser solicitada no endere\u00e7o eletr\u00f4nico <a href=\"http:\/\/www.uel.br\/cops\">&nbsp;www.uel.br\/cops<\/a>, no per\u00edodo estabelecido no calend\u00e1rio divulgado em edital;<\/p>\n\n\n\n<ul class=\"wp-block-list\">\n<li>Datas de provas: \n<ul class=\"wp-block-list\">\n<li>Prova de habilidades espec\u00edficas (PHE): 14 de setembro <\/li>\n\n\n\n<li>Prova de conhecimentos gerais e Prova de Reda\u00e7\u00e3o: 26 de outubro <\/li>\n\n\n\n<li>Prova de conhecimentos espec\u00edficos: 27 de outubro<\/li>\n<\/ul>\n<\/li>\n<\/ul>\n\n\n\n<p>\ud83d\udcda <strong>Obras Liter\u00e1rias <\/strong><\/p>\n\n\n\n<ul class=\"wp-block-list\">\n<li>O rei da vela &#8211; Oswald de Andrade;<\/li>\n\n\n\n<li>O seminarista &#8211; Bernardo Guimar\u00e3es;<\/li>\n\n\n\n<li>Niketche &#8211; Paulina Chiziane;<\/li>\n\n\n\n<li>Torto arado &#8211; ltamar Vieira Junior;<\/li>\n\n\n\n<li>Melhores poemas &#8211; Fernando Pessoa;<\/li>\n\n\n\n<li>Chove sobre minha inf\u00e2ncia &#8211; Miguel Sanches Neto;<\/li>\n\n\n\n<li>Cartas chilenas- Tom\u00e1s Ant\u00f4nio Gonzaga;<\/li>\n\n\n\n<li>\u00c1LBUM MUSICAL: Cabe\u00e7a dinossauro &#8211; Tit\u00e3s<\/li>\n<\/ul>\n","protected":false},"excerpt":{"rendered":"<p>Exame Nacional do Ensino M\u00e9dio (ENEM): principal m\u00e9todo de ingresso nas institui\u00e7\u00f5es p\u00fablicas de n\u00edvel superior. As notas obtidas no exame podem ser usadas pelo estudante para acesso ao Sistema de Sele\u00e7\u00e3o Unificada (Sisu), ao Programa Universidade para Todos (ProUni) e para se candidatar ao financiamento estudantil em programas do governo, como o Fundo de [&hellip;]<\/p>\n","protected":false},"author":10,"featured_media":585,"comment_status":"open","ping_status":"open","sticky":false,"template":"","format":"standard","meta":{"_acf_changed":false,"footnotes":""},"categories":[32,1],"tags":[37],"class_list":["post-579","post","type-post","status-publish","format-standard","has-post-thumbnail","hentry","category-educacao","category-noticias","tag-vestibular"],"acf":[],"_links":{"self":[{"href":"https:\/\/projetos.uel.br\/praxis\/wp-json\/wp\/v2\/posts\/579","targetHints":{"allow":["GET"]}}],"collection":[{"href":"https:\/\/projetos.uel.br\/praxis\/wp-json\/wp\/v2\/posts"}],"about":[{"href":"https:\/\/projetos.uel.br\/praxis\/wp-json\/wp\/v2\/types\/post"}],"author":[{"embeddable":true,"href":"https:\/\/projetos.uel.br\/praxis\/wp-json\/wp\/v2\/users\/10"}],"replies":[{"embeddable":true,"href":"https:\/\/projetos.uel.br\/praxis\/wp-json\/wp\/v2\/comments?post=579"}],"version-history":[{"count":13,"href":"https:\/\/projetos.uel.br\/praxis\/wp-json\/wp\/v2\/posts\/579\/revisions"}],"predecessor-version":[{"id":1747,"href":"https:\/\/projetos.uel.br\/praxis\/wp-json\/wp\/v2\/posts\/579\/revisions\/1747"}],"wp:featuredmedia":[{"embeddable":true,"href":"https:\/\/projetos.uel.br\/praxis\/wp-json\/wp\/v2\/media\/585"}],"wp:attachment":[{"href":"https:\/\/projetos.uel.br\/praxis\/wp-json\/wp\/v2\/media?parent=579"}],"wp:term":[{"taxonomy":"category","embeddable":true,"href":"https:\/\/projetos.uel.br\/praxis\/wp-json\/wp\/v2\/categories?post=579"},{"taxonomy":"post_tag","embeddable":true,"href":"https:\/\/projetos.uel.br\/praxis\/wp-json\/wp\/v2\/tags?post=579"}],"curies":[{"name":"wp","href":"https:\/\/api.w.org\/{rel}","templated":true}]}}