{"id":536,"date":"2025-04-07T16:54:45","date_gmt":"2025-04-07T19:54:45","guid":{"rendered":"https:\/\/projetos.uel.br\/praxis\/?p=536"},"modified":"2025-05-23T15:45:00","modified_gmt":"2025-05-23T18:45:00","slug":"vencedores-do-premio-memorias-reveladas-do-arquivo-nacional","status":"publish","type":"post","link":"https:\/\/projetos.uel.br\/praxis\/noticias\/2025\/04\/07\/vencedores-do-premio-memorias-reveladas-do-arquivo-nacional\/","title":{"rendered":"Vencedores do Pr\u00eamio Mem\u00f3rias reveladas, do Arquivo Nacional"},"content":{"rendered":"\n<p>O Pr\u00eamio Mem\u00f3rias Reveladas do Arquivo Nacional, com sua primeira edi\u00e7\u00e3o em 2010, consiste na visibilidade e premia\u00e7\u00e3o de resultados de pesquisa desenvolvidas baseadas em fontes documentais referentes ao per\u00edodo da ditadura militar brasileira e suas consequ\u00eancias em anos posteriores, sob a guarda ou n\u00e3o do Arquivo Nacional.<\/p>\n\n\n\n<p>A premia\u00e7\u00e3o conta com tr\u00eas categorias, Artigos Acad\u00eamicos, Materiais de Comunica\u00e7\u00e3o e Projetos Pedag\u00f3gicos. O projeto de pesquisa &#8220;Os Documentos In\u00e9ditos dos Arquivos do SNI (Paran\u00e1-BR), do Projeto Opening The Archives e da CIA (EUA)&#8221; da UEL, em parceria com o Pr\u00e1xis Itinerante, foi um dos grandes destaques da 5\u00aa edi\u00e7\u00e3o do pr\u00eamio, de 2024, vencendo todas as categorias.&nbsp;&nbsp;<\/p>\n\n\n\n<p>Na categoria Artigo Cient\u00edfico, a pesquisa foi premiada pelo trabalho &#8220;Educa\u00e7\u00e3o, mem\u00f3ria e resist\u00eancia: o uso de fontes documentais in\u00e9ditas e document\u00e1rios no trabalho pedag\u00f3gico sobre a ditadura militar no Brasil&#8221;, assinado pelo Prof. Dr. Jeferson Anibal Gonzalez, com coautoria de Luan Prado Piovani, F\u00e1bio Lanza e Luciano Augusto Gomes, pesquisador do Programa de P\u00f3s-gradua\u00e7\u00e3o em Sociologia da UEL (PPGSOC). <\/p>\n\n\n\n<p>Na segunda categoria, Material de Comunica\u00e7\u00e3o, o document\u00e1rio &#8220;Terras do Paran\u00e1: conflitos sob o prisma dos arquivos in\u00e9ditos do s\u00e9culo XX&#8221;, dispon\u00edvel no Youtube do Pr\u00e1xis Itinerante, garantiu a vit\u00f3ria aos pesquisadores da UEL, F\u00e1bio Lanza e Luan Piovani.<\/p>\n\n\n\n<figure class=\"wp-block-embed is-type-video is-provider-youtube wp-block-embed-youtube wp-embed-aspect-16-9 wp-has-aspect-ratio\"><div class=\"wp-block-embed__wrapper\">\n<iframe loading=\"lazy\" title=\"As Terras do Paran\u00e1 - Document\u00e1rio\" width=\"500\" height=\"281\" src=\"https:\/\/www.youtube.com\/embed\/t_jhS2QQNIw?feature=oembed\" frameborder=\"0\" allow=\"accelerometer; autoplay; clipboard-write; encrypted-media; gyroscope; picture-in-picture; web-share\" referrerpolicy=\"strict-origin-when-cross-origin\" allowfullscreen><\/iframe>\n<\/div><\/figure>\n\n\n\n<p>Por fim, na categoria Projeto Pedag\u00f3gico, o premiado foi o projeto &#8220;Juventudes e Participa\u00e7\u00e3o&#8221;, coordenado pelo Prof. Dr. Jos\u00e9 Wilson Assis Neves Jr.<\/p>\n\n\n<div class=\"wp-block-image\">\n<figure class=\"aligncenter size-large\"><img loading=\"lazy\" decoding=\"async\" width=\"2420\" height=\"1816\" src=\"https:\/\/projetos.uel.br\/praxis\/wp-content\/uploads\/2025\/04\/20250326_170759-edited.jpg\" alt=\"\" class=\"wp-image-561\" srcset=\"https:\/\/projetos.uel.br\/praxis\/wp-content\/uploads\/2025\/04\/20250326_170759-edited.jpg 2420w, https:\/\/projetos.uel.br\/praxis\/wp-content\/uploads\/2025\/04\/20250326_170759-edited-300x225.jpg 300w, https:\/\/projetos.uel.br\/praxis\/wp-content\/uploads\/2025\/04\/20250326_170759-edited-1024x768.jpg 1024w, https:\/\/projetos.uel.br\/praxis\/wp-content\/uploads\/2025\/04\/20250326_170759-edited-768x576.jpg 768w, https:\/\/projetos.uel.br\/praxis\/wp-content\/uploads\/2025\/04\/20250326_170759-edited-1536x1153.jpg 1536w, https:\/\/projetos.uel.br\/praxis\/wp-content\/uploads\/2025\/04\/20250326_170759-edited-2048x1537.jpg 2048w\" sizes=\"auto, (max-width: 2420px) 100vw, 2420px\" \/><figcaption class=\"wp-element-caption\">Da esquerda para direita: L\u00edvia Campanheli, Luan Piovani, F\u00e1bio Lanza e Jeferson Gonzalez<\/figcaption><\/figure>\n<\/div>\n\n\n<p><\/p>\n\n\n\n<details class=\"wp-block-details is-layout-flow wp-block-details-is-layout-flow\"><summary>Equipe e Produ\u00e7\u00e3o <\/summary>\n<p><strong>Pesquisa e Produ\u00e7\u00e3o:<\/strong> Fl\u00e1via Caron (UEL); Nat\u00e1lia Andrade (UEL); L\u00edvia Campanheli (UEL); Laura Nunes de Oliveira (UEL); Luan Prado Piovani (UNICAMP); Jo\u00e3o Pedro Pereira e Correia (UEL); Guilherme Heerdt Vandresen (UEL); Luciano Augusto Gomes (UEL); Giovana Galdin Nunes da Silva (IFPR); Ot\u00e1vio Paes Ramiro (UEL). Roteiro e Locu\u00e7\u00e3o: Luciano Augusto Gomes; Fl\u00e1via Caron; Nat\u00e1lia Andrade; Giovana Galdin Nunes da Silva (FPR); Laura Nunes de Oliveira; L\u00edvia Campanheli; Luan Prado Piovani (UNICAMP); Guilherme Heerdt Vandresen; Jo\u00e3o Pedro Pereira e Correia; Rog\u00e9rio Martins Marlierr (IFPR); Ot\u00e1vio Paes Ramiro; Ursula Boreal Lopes Brevilheri <br><strong>Apoio T\u00e9cnico: <\/strong>Jo\u00e3o Guilherme Aldegueri Marques (UEL); Ana Beatriz Pavilh\u00e3o Boscariol (UEL); Ginna Esther Issberner CCH Cultural (UEL); Ursula Boreal Lopes Brevilheri. (UEL)<br><strong>Assessoria Art\u00edstica:<\/strong> Lara Beatriz Joia<br><strong>Dire\u00e7\u00e3o Art\u00edstica e Produ\u00e7\u00e3o Audiovisual:<\/strong> Alexsander Barbosa &#8211; Designer Gr\u00e1fico (UEL)<br>Victor Hugo Faria &#8211; Editor\/Motion Designer<br><strong>Grava\u00e7\u00e3o e Mixagem:<\/strong> Edyr Pedro &#8211; R\u00e1dio UEL<br><strong>Coordenador<\/strong>: Prof. Dr. Fabio Lanza<\/p>\n\n\n\n<p><\/p>\n<\/details>\n\n\n\n<p><\/p>\n\n\n\n<p><\/p>\n","protected":false},"excerpt":{"rendered":"<p>O Pr\u00eamio Mem\u00f3rias Reveladas do Arquivo Nacional, com sua primeira edi\u00e7\u00e3o em 2010, consiste na visibilidade e premia\u00e7\u00e3o de resultados de pesquisa desenvolvidas baseadas em fontes documentais referentes ao per\u00edodo da ditadura militar brasileira e suas consequ\u00eancias em anos posteriores, sob a guarda ou n\u00e3o do Arquivo Nacional. A premia\u00e7\u00e3o conta com tr\u00eas categorias, Artigos [&hellip;]<\/p>\n","protected":false},"author":12,"featured_media":547,"comment_status":"open","ping_status":"open","sticky":false,"template":"","format":"standard","meta":{"_acf_changed":false,"footnotes":""},"categories":[33,32,1],"tags":[],"class_list":["post-536","post","type-post","status-publish","format-standard","has-post-thumbnail","hentry","category-cultura","category-educacao","category-noticias"],"acf":[],"_links":{"self":[{"href":"https:\/\/projetos.uel.br\/praxis\/wp-json\/wp\/v2\/posts\/536","targetHints":{"allow":["GET"]}}],"collection":[{"href":"https:\/\/projetos.uel.br\/praxis\/wp-json\/wp\/v2\/posts"}],"about":[{"href":"https:\/\/projetos.uel.br\/praxis\/wp-json\/wp\/v2\/types\/post"}],"author":[{"embeddable":true,"href":"https:\/\/projetos.uel.br\/praxis\/wp-json\/wp\/v2\/users\/12"}],"replies":[{"embeddable":true,"href":"https:\/\/projetos.uel.br\/praxis\/wp-json\/wp\/v2\/comments?post=536"}],"version-history":[{"count":14,"href":"https:\/\/projetos.uel.br\/praxis\/wp-json\/wp\/v2\/posts\/536\/revisions"}],"predecessor-version":[{"id":567,"href":"https:\/\/projetos.uel.br\/praxis\/wp-json\/wp\/v2\/posts\/536\/revisions\/567"}],"wp:featuredmedia":[{"embeddable":true,"href":"https:\/\/projetos.uel.br\/praxis\/wp-json\/wp\/v2\/media\/547"}],"wp:attachment":[{"href":"https:\/\/projetos.uel.br\/praxis\/wp-json\/wp\/v2\/media?parent=536"}],"wp:term":[{"taxonomy":"category","embeddable":true,"href":"https:\/\/projetos.uel.br\/praxis\/wp-json\/wp\/v2\/categories?post=536"},{"taxonomy":"post_tag","embeddable":true,"href":"https:\/\/projetos.uel.br\/praxis\/wp-json\/wp\/v2\/tags?post=536"}],"curies":[{"name":"wp","href":"https:\/\/api.w.org\/{rel}","templated":true}]}}