{"id":1843,"date":"2026-02-25T10:43:01","date_gmt":"2026-02-25T13:43:01","guid":{"rendered":"https:\/\/projetos.uel.br\/praxis\/?p=1843"},"modified":"2026-02-25T10:43:31","modified_gmt":"2026-02-25T13:43:31","slug":"na-uel-simposio-internacional-discute-juventudes-e-direitos-humanos","status":"publish","type":"post","link":"https:\/\/projetos.uel.br\/praxis\/educacao\/2026\/02\/25\/na-uel-simposio-internacional-discute-juventudes-e-direitos-humanos\/","title":{"rendered":"Na UEL, Simp\u00f3sio Internacional discute Juventudes e Direitos Humanos"},"content":{"rendered":"\n<p>Entre os dias 13 e 15 de abril, acontece II Simp\u00f3sio Internacional Pr\u00e1xis Itinerante: Juventudes e Direitos Humanos. O evento \u00e9 organizado pelo programa de extens\u00e3o da UEL (Universidade Estadual de Londrina) Pr\u00e1xis Itinerante e a produtora cultural Kapanga Criativa, com patroc\u00ednio da Funda\u00e7\u00e3o Arauc\u00e1ria (Edital Proex n\u00ba 331\/2025).<\/p>\n\n\n\n<p>Com atividades presenciais e remotas, as principais finalidades do Simp\u00f3sio \u00e9 promover a conscientiza\u00e7\u00e3o sobre a import\u00e2ncia dos direitos humanos e suas m\u00faltiplas interseccionalidades com as juventudes, valorizando a pluralidade de identidades, experi\u00eancias e trajet\u00f3rias.<\/p>\n\n\n\n<p>Direitos dos povos origin\u00e1rios, promo\u00e7\u00e3o da acessibilidade e luta anticapacitista, quest\u00f5es de g\u00eanero e sexualidade, culturas populares, tradicionais e perif\u00e9ricas, pertencimento \u00e9tnico-racial e pr\u00e1ticas antirracistas, din\u00e2micas migrat\u00f3rias, bem como pol\u00edticas p\u00fablicas voltadas \u00e0s juventudes ser\u00e3o alguns dos temas debatidos durante o encontro.<\/p>\n\n\n\n<p>A mesa de abertura discute o tema \u201cErradica\u00e7\u00e3o da pobreza, redu\u00e7\u00e3o das desigualdades e desenvolvimento\u201d e conta com as participa\u00e7\u00f5es de Maria Jos\u00e9 de Rezende, professora do Departamento de Ci\u00eancias Sociais da Universidade Estadual de Londrina; Ana Carolina Keil, militante do Levante Popular da Juventude, fonoaudi\u00f3loga e pesquisadora pela FioCruz e Baltazar Miuanga, docente do Departamento de Sociologia e do Programa de P\u00f3s-Gradua\u00e7\u00e3o da Universidade Eduardo Mondlane, localizada em Maputo, capital de Mo\u00e7ambique (confira a programa\u00e7\u00e3o completa abaixo).<\/p>\n\n\n\n<p>Neste ano, o Simp\u00f3sio tamb\u00e9m integra a programa\u00e7\u00e3o do&nbsp;<a href=\"https:\/\/portalverdade.com.br\/festival-das-diversidades-e-selecionado-para-integrar-ecossistema-artistico-cultural-do-parana\/\">3\u00ba Festival das Diversidades<\/a>, cuja programa\u00e7\u00e3o inicia em mar\u00e7o e segue at\u00e9 agosto (saiba mais&nbsp;<a href=\"https:\/\/portalverdade.com.br\/mesa-sobre-corpos-marginalizados-na-cultura-e-ciencia-abre-programacao-do-3o-festival-das-diversidades-em-2026\/\">aqui<\/a>).<\/p>\n\n\n\n<p>\u201cProcuramos com o Simp\u00f3sio realizar debates e trocas de conhecimentos valiosas n\u00e3o apenas para o enriquecimento do ambiente acad\u00eamico, mas tamb\u00e9m para a constru\u00e7\u00e3o de uma sociedade mais equ\u00e2nime e justa, rompendo com ciclos de discrimina\u00e7\u00e3o e desconstruindo preconceitos\u201d, pontua Ana Beatriz Pavilh\u00e3o Boscariol, cientista social, mestra em Sociologia pela UEL, integrante do Pr\u00e1xis Itinerante e coordenadora formativa do Festival das Diversidades.<\/p>\n\n\n\n<p><strong>Modalidades de participa\u00e7\u00e3o<\/strong><\/p>\n\n\n\n<p>Interessados podem participar na modalidade de ouvinte com taxa de inscri\u00e7\u00e3o R$ 20,00 (acesse formul\u00e1rio de inscri\u00e7\u00e3o&nbsp;<a href=\"https:\/\/www.sistemasweb.uel.br\/index.php?contents=system\/insc\/index.php&amp;pagina=view\/inscricoes\/seleciona_evento.php&amp;cod_evento=11250\">aqui<\/a>). Tamb\u00e9m h\u00e1 a possibilidade de apresenta\u00e7\u00e3o de trabalho para aqueles que desejam expor suas pesquisas conclu\u00eddas ou em andamento. Nesta categoria, o recolhimento \u00e9 de R$ 40,00. As ementas dos grupos de trabalho e orienta\u00e7\u00f5es para envio dos resumos expandidos e artigos podem ser conferidas&nbsp;<a href=\"https:\/\/anais.uel.br\/portal\/index.php\/praxis\/issue\/view\/105\">aqui<\/a>.<\/p>\n\n\n\n<p>Aquelas e aqueles que desejarem apresentar trabalho, al\u00e9m de preencherem&nbsp;<a href=\"https:\/\/www.sistemasweb.uel.br\/index.php?contents=system\/insc\/index.php&amp;pagina=view\/inscricoes\/seleciona_evento.php&amp;cod_evento=11250\">formul\u00e1rio de inscri\u00e7\u00e3o<\/a>, tamb\u00e9m devem enviar os textos atrav\u00e9s do site&nbsp;<a href=\"https:\/\/anais.uel.br\/portal\/index.php\/praxis\/issue\/view\/105\">Anais do Pr\u00e1xis Itinerante<\/a>&nbsp;at\u00e9 o pr\u00f3ximo dia 6 de abril. Os inscritos, que frequentarem no m\u00ednimo 75% da programa\u00e7\u00e3o, receber\u00e3o certificado de 12 horas.&nbsp;<\/p>\n\n\n\n<p>O evento tem como p\u00fablico-alvo pesquisadores de diferentes \u00e1reas, n\u00edveis e a comunidade em geral que tenha interesse no tema.&nbsp;<\/p>\n\n\n\n<p>\u201cSeu car\u00e1ter h\u00edbrido facilita a presen\u00e7a de participantes externos \u00e0 UEL e \u00e0 cidade de Londrina, incentivando e ampliando, assim, o alcance e a repercuss\u00e3o das discuss\u00f5es sobre diversidade e inclus\u00e3o\u201d, refor\u00e7a Ana Beatriz.&nbsp;<\/p>\n\n\n\n<p>Ainda, de acordo com ela, a expectativa \u00e9 valorizar diferentes formas de produ\u00e7\u00e3o de saberes, promovendo a desconstru\u00e7\u00e3o de estere\u00f3tipos e preconceitos ao mesmo tempo em que pretende-se contribuir para a forma\u00e7\u00e3o de sujeitos cr\u00edticos e comprometidos com a justi\u00e7a social, a igualdade e o respeito \u00e0s diversidades.<\/p>\n\n\n\n<p>\u201cO evento pode contribuir ao fortalecer a centralidade dos direitos humanos na produ\u00e7\u00e3o acad\u00eamica, ampliar a representatividade de vozes historicamente abafadas e promover a circula\u00e7\u00e3o de saberes plurais, alinhados aos Objetivos de Desenvolvimento Sustent\u00e1vel. Ao estimular reflex\u00f5es cr\u00edticas e o di\u00e1logo entre universidade e sociedade, a iniciativa colabora para consolidar uma cultura institucional mais inclusiva, democr\u00e1tica e comprometida com a justi\u00e7a social\u201d, assinala.&nbsp;<\/p>\n\n\n\n<p>Objetivos de Desenvolvimento Sustent\u00e1vel que fazem parte da chamada \u201cAgenda 2030\u201d. Trata-se de um pacto global assinado durante a C\u00fapula das Na\u00e7\u00f5es Unidas em 2015, pelos 193 pa\u00edses membros, incluindo o Brasil que visa cooperar com a erradica\u00e7\u00e3o da pobreza, prote\u00e7\u00e3o do meio ambiente e clima.<\/p>\n\n\n\n<p>A pesquisadora tamb\u00e9m salienta as contribui\u00e7\u00f5es do Simp\u00f3sio para&nbsp;que a Universidade avance no estabelecimento de a\u00e7\u00f5es e pol\u00edticas que promovam a inclus\u00e3o e perman\u00eancia de camadas historicamente vulnerabilizadas.<\/p>\n\n\n\n<p>\u201cA Universidade Estadual de Londrina possui trajet\u00f3ria relevante na promo\u00e7\u00e3o de debates sobre inclus\u00e3o e a\u00e7\u00f5es afirmativas, mas, como toda universidade p\u00fablica inserida em uma sociedade marcada por desigualdades estruturais, ainda precisa avan\u00e7ar na transversaliza\u00e7\u00e3o das discuss\u00f5es sobre diversidades, especialmente, no que se refere \u00e0s interseccionalidades entre ra\u00e7a, g\u00eanero, anticapacitismo, juventudes e territorialidades\u201d, conclui.<\/p>\n\n\n\n<p><em>Confira programa\u00e7\u00e3o completa:<\/em><\/p>\n\n\n\n<p><strong>13\/04 \u00e0s 19h \u2013<\/strong>&nbsp;<strong>Mesa de abertura<\/strong>:&nbsp;<strong>Erradica\u00e7\u00e3o da pobreza, redu\u00e7\u00e3o das desigualdades e desenvolvimento (ODS1\/ODS10)<\/strong><\/p>\n\n\n\n<p>Local: Anfiteatro do CESA \u2013 Evento H\u00edbrido<\/p>\n\n\n\n<p>Profa. Dra. Maria Jos\u00e9 de Rezende , docente do Departamento de Ci\u00eancias Sociais da Universidade Estadual de Londrina;<\/p>\n\n\n\n<p>Ana Carolina Keil, militante do Levante Popular da Juventude, fonoaudi\u00f3logo e pesquisadora pela FioCruz;<\/p>\n\n\n\n<p>Prof. Dr. Baltazar Miuanga, docente do Departamento de Sociologia e do Programa de P\u00f3s Gradua\u00e7\u00e3o da Universidade Eduardo Mondlane (Maputo, Mo\u00e7ambique)<\/p>\n\n\n\n<p><strong>14\/04 \u00e0s 19h30 \u2013 Mesa de Di\u00e1logos: Juventudes e Protagonismo<\/strong><\/p>\n\n\n\n<p>Local: Anfiteatro do CESA<\/p>\n\n\n\n<p>Ana Carolina Keil, militante do Levante Popular da Juventude, fonoaudi\u00f3logo e pesquisadora pela FioCruz;<\/p>\n\n\n\n<p>Prof. Dr. Baltazar Miuanga, docente do Departamento de Sociologia e do Programa de P\u00f3s Gradua\u00e7\u00e3o da Universidade Eduardo Mondlane (Maputo, Mo\u00e7ambique);<\/p>\n\n\n\n<p>Contribui\u00e7\u00f5es dos integrantes do PIBID \u2013 Sociologia, Lenpes, Laborat\u00f3rio de Escreviv\u00eancias e Aquilombando a Universidade.<\/p>\n\n\n\n<p><strong>15\/04 \u00e0s 19h \u2013 Mesa de Encerramento: Tema: Fome Zero e Agricultura Sustent\u00e1vel (ODS2)<\/strong><\/p>\n\n\n\n<p>Local: Anfiteatro do CESA \u2013 Evento H\u00edbrido<\/p>\n\n\n\n<p>Rud\u00e1 Vai, bi\u00f3logo, agroflorestor e instrutor do Servi\u00e7o Nacional de Aprendizagem Rural (SENAR);<\/p>\n\n\n\n<p>Edelvan Carvalho, coordenador do Programa Nacional de Alimenta\u00e7\u00e3o Escolar (PNAE) e assentado do Eli Vive, integrante do Movimento dos Trabalhadores Rurais Sem Terra (MST);<\/p>\n\n\n\n<p><strong>Grupos de trabalho do Semin\u00e1rio ocorrer\u00e3o simultaneamente durante os dias 14 e 15 de maneira remota (online)<\/strong><\/p>\n\n\n\n<p><strong>Migra\u00e7\u00e3o<\/strong><\/p>\n\n\n\n<p>Coordena\u00e7\u00e3o: L\u00edria Maria Bettiol Lanza (UEL); Evelyn Secco Faquin (UEL); Kaique Matheus Cardoso (UBI-Portugal)<\/p>\n\n\n\n<p><strong>Direitos Humanos e Povos Origin\u00e1rios (Online)<\/strong><\/p>\n\n\n\n<p>Coordena\u00e7\u00e3o: Maria Raquel da Cruz Duran (UFMS); Jaqueline Oliveira (UFRJ); Dandara Damas (PPGSD\/UFF)<\/p>\n\n\n\n<p><strong>Direitos Humanos e Luta AntiCapacitista<\/strong>&nbsp;(<strong>Online)<\/strong><\/p>\n\n\n\n<p>Coordena\u00e7\u00e3o: Beatriz Batista Silva (PPGSOC); L\u00edgia Wilhelms Eras (IFSC)<\/p>\n\n\n\n<p><strong>Direitos Humanos e Democracia (Online)<\/strong><\/p>\n\n\n\n<p>Coordena\u00e7\u00e3o: Luan Prado Piovani (UNICAMP); L\u00edvia Campanheli (UNICAMP)<\/p>\n\n\n\n<p><strong>Direitos Humanos, G\u00eanero, Sexualidade<\/strong>&nbsp;<strong>(Online)<\/strong><\/p>\n\n\n\n<p>Coordena\u00e7\u00e3o: Ursula Boreal Lopes Brevilheri (PPGSOC); Mirian Borges da Silva (PPGSOC); Franciele Rodrigues (PPGSOC e PPGCOM)<\/p>\n\n\n\n<p><strong>Direitos Humanos e Educa\u00e7\u00e3o<\/strong>&nbsp;<strong>(Online)<\/strong><\/p>\n\n\n\n<p>Coordena\u00e7\u00e3o: Jeferson Anibal Gonzalez (UENP) e Ma\u00edra Mascarenhas Torres (PR\u00c1XIS-UEL)<\/p>\n\n\n\n<p><strong>Cultura popular\/tradicional e perif\u00e9rica<\/strong>&nbsp;<strong>(Online)<\/strong><\/p>\n\n\n\n<p>Coordena\u00e7\u00e3o: Kennedy Piau Ferreira (UEL); Tiago Daniel Ramos da Silva (PR\u00c1XIS-UEL); Alisson Fernando Moreira Po\u00e7as (CDH)<\/p>\n\n\n\n<p><strong>Direitos Humanos e estudos \u00e9tnico-raciais (africanos e brasileiros)<\/strong>&nbsp;<strong>(Online)<\/strong><\/p>\n\n\n\n<p>Coordena\u00e7\u00e3o: Jos\u00e9 Francisco dos Santos (UTFPR)<\/p>\n\n\n\n<p><strong>Direitos Humanos entre Cannabis e Maconha (Online)<\/strong><\/p>\n\n\n\n<p>Coordena\u00e7\u00e3o:&nbsp; Ana Beatriz Pavilh\u00e3o Boscariol (Pr\u00e1xis-UEL); Fabio Lanza (UEL); Aline Guerrato (Associa\u00e7\u00e3o Can\u00e1bicas Maria Flor)<\/p>\n\n\n\n<p><strong>Juventudes africanas, pol\u00edticas p\u00fablicas e desenvolvimento (Online)<\/strong><\/p>\n\n\n\n<p>Coordena\u00e7\u00e3o: Ilidio Fernando (LERR-UEL\/MAPUTO-MOZ), Baltazar Muianga (Maputo-UEM) e Fabio Lanza (UEL)<\/p>\n\n\n\n<p><\/p>\n\n\n\n<p>Fonte: Portal Verdade<\/p>\n","protected":false},"excerpt":{"rendered":"<p>Evento \u00e9 aberto para comunidade acad\u00eamica e p\u00fablico em geral. \u00c9 poss\u00edvel participar como ouvinte ou apresentador de trabalhos<\/p>\n","protected":false},"author":12,"featured_media":1844,"comment_status":"open","ping_status":"open","sticky":false,"template":"","format":"standard","meta":{"_acf_changed":false,"footnotes":""},"categories":[32],"tags":[46,51,50,52,48],"class_list":["post-1843","post","type-post","status-publish","format-standard","has-post-thumbnail","hentry","category-educacao","tag-3o-festival-das-diversidades","tag-gts","tag-ii-simposio-internacional-praxis-itinerante-juventudes-e-direitos-humanos","tag-juventudes","tag-kapanga-criativa"],"acf":[],"_links":{"self":[{"href":"https:\/\/projetos.uel.br\/praxis\/wp-json\/wp\/v2\/posts\/1843","targetHints":{"allow":["GET"]}}],"collection":[{"href":"https:\/\/projetos.uel.br\/praxis\/wp-json\/wp\/v2\/posts"}],"about":[{"href":"https:\/\/projetos.uel.br\/praxis\/wp-json\/wp\/v2\/types\/post"}],"author":[{"embeddable":true,"href":"https:\/\/projetos.uel.br\/praxis\/wp-json\/wp\/v2\/users\/12"}],"replies":[{"embeddable":true,"href":"https:\/\/projetos.uel.br\/praxis\/wp-json\/wp\/v2\/comments?post=1843"}],"version-history":[{"count":2,"href":"https:\/\/projetos.uel.br\/praxis\/wp-json\/wp\/v2\/posts\/1843\/revisions"}],"predecessor-version":[{"id":1846,"href":"https:\/\/projetos.uel.br\/praxis\/wp-json\/wp\/v2\/posts\/1843\/revisions\/1846"}],"wp:featuredmedia":[{"embeddable":true,"href":"https:\/\/projetos.uel.br\/praxis\/wp-json\/wp\/v2\/media\/1844"}],"wp:attachment":[{"href":"https:\/\/projetos.uel.br\/praxis\/wp-json\/wp\/v2\/media?parent=1843"}],"wp:term":[{"taxonomy":"category","embeddable":true,"href":"https:\/\/projetos.uel.br\/praxis\/wp-json\/wp\/v2\/categories?post=1843"},{"taxonomy":"post_tag","embeddable":true,"href":"https:\/\/projetos.uel.br\/praxis\/wp-json\/wp\/v2\/tags?post=1843"}],"curies":[{"name":"wp","href":"https:\/\/api.w.org\/{rel}","templated":true}]}}