{"id":1838,"date":"2026-02-25T10:38:07","date_gmt":"2026-02-25T13:38:07","guid":{"rendered":"https:\/\/projetos.uel.br\/praxis\/?p=1838"},"modified":"2026-02-25T10:44:06","modified_gmt":"2026-02-25T13:44:06","slug":"mesa-sobre-corpos-marginalizados-na-cultura-e-ciencia-abre-programacao-do-3o-festival-das-diversidades","status":"publish","type":"post","link":"https:\/\/projetos.uel.br\/praxis\/cultura\/2026\/02\/25\/mesa-sobre-corpos-marginalizados-na-cultura-e-ciencia-abre-programacao-do-3o-festival-das-diversidades\/","title":{"rendered":"Mesa sobre corpos marginalizados na cultura e ci\u00eancia abre programa\u00e7\u00e3o do 3\u00ba Festival das Diversidades"},"content":{"rendered":"\n<p>No pr\u00f3ximo domingo, 1\u00ba de mar\u00e7o, abrindo a programa\u00e7\u00e3o do 3\u00ba Festival das Diversidades, acontece a mesa \u201cCorpos marginalizados na cultura e na ci\u00eancia\u201d. O evento come\u00e7a com feirinha, discotecagem e apresenta\u00e7\u00e3o do grupo Doce Veneno, a partir das 15h, no Canto do Marl (Avenida Duque de Caxias, n\u00ba 3.241 \u2013 Centro). As falas iniciam na sequ\u00eancia, \u00e0s 17h.<\/p>\n\n\n\n<p>Ap\u00f3s a mesa, haver\u00e1 apresenta\u00e7\u00e3o do Ballroom Londrina. A estimativa \u00e9 que a programa\u00e7\u00e3o termine \u00e0s 22h.&nbsp;A entrada \u00e9 gratuita. Expositores e DJs que desejarem expor seus trabalhos durante o lan\u00e7amento do Festival devem ser inscrever atrav\u00e9s do formul\u00e1rio dispon\u00edvel&nbsp;<a href=\"https:\/\/docs.google.com\/forms\/d\/e\/1FAIpQLSc-h8T-a_ieDZPti1Qmrd4FavvTdWzOus93a5utEIVbyPAkug\/viewform\">aqui<\/a>.<\/p>\n\n\n\n<p>A mesa se prop\u00f5e a encruzilhar os caminhos de tr\u00eas pesquisadores: Malu Jimenez, fil\u00f3sofa, artivista, autora do livro \u201cLute como uma gorda\u201d, professora do curso de P\u00f3s-Gradua\u00e7\u00e3o em Diversidade e Inclus\u00e3o em Comunica\u00e7\u00e3o da PUC-Minas e do mestrado em Comunica\u00e7\u00e3o da UEL, fundadora e coordenadora do Pesquisa Gorda, primeiro grupo de pesquisa transdisciplinar sobre corporalidades gordas no Brasil.<\/p>\n\n\n\n<p>Tamb\u00e9m abrem os caminhos, Menor Npr 043, rapper, escritor, autor do livro Poesia 043, membro do Coletivo UDV, e Ursula Boreal, cientista social, mestra e doutoranda em Sociologia na UEL, integrante da Frente Trans de Londrina e do programa Pr\u00e1xis Itinerante.<\/p>\n\n\n\n<p>Tiago Daniel, ator, produtor cultural e um dos respons\u00e1veis pela organiza\u00e7\u00e3o do Festival, salienta que toda a programa\u00e7\u00e3o do evento, composta por diversas atra\u00e7\u00f5es que v\u00e3o desde exposi\u00e7\u00f5es fotogr\u00e1ficas, espet\u00e1culos de dan\u00e7a e teatrais, apresenta\u00e7\u00f5es musicais a encontro cient\u00edfico, buscam valorizar saberes e experi\u00eancias de grupos historicamente marginalizados.&nbsp;<\/p>\n\n\n\n<p>A grade de atividades ser\u00e1 ofertada entre mar\u00e7o e agosto deste ano, ocupando diferentes espa\u00e7os de Londrina e cidades vizinhas. Para ficar por dentro do cronograma e obter mais informa\u00e7\u00f5es sobre cada um dos encontros basta acompanhar a p\u00e1gina&nbsp;<a href=\"https:\/\/www.instagram.com\/festivaldasdiversidades\/\">@festivaldasdiversidades<\/a>&nbsp;no Instagram e site do programa de extens\u00e3o da UEL,&nbsp;<a href=\"https:\/\/projetos.uel.br\/praxis\/\">Pr\u00e1xis Itinerante<\/a>, que juntamente com a produtora Kapanga Criativa, s\u00e3o os respons\u00e1veis pela organiza\u00e7\u00e3o do evento.&nbsp;<\/p>\n\n\n\n<p>\u201cSomos um Festival novo, mas n\u00e3o temos medo de posicionar nossos objetivos. Nosso Festival \u00e9 para corpos marginalizados e aliades pela visibilidade e seguran\u00e7a desses corpos. Essa primeira atividade \u00e9 a retomada de um projeto que vai muito al\u00e9m do entretenimento\u201d, afirma.&nbsp;<\/p>\n\n\n\n<p>Ainda de acordo com ele, tanto a mesa inaugural como as atividades seguintes procuram romper com a ideia dominante de que cultura (emo\u00e7\u00e3o) e ci\u00eancia (raz\u00e3o) ocupam lugares diferentes.<\/p>\n\n\n\n<p>\u201c\u00c9 comum vermos um discurso que desassocia a arte da ci\u00eancia, ainda mais quando se trata da arte produzida por corpos marginalizados. Tamb\u00e9m \u00e9 comum vermos partindo da mesma l\u00f3gica um outro discurso que banaliza as pesquisas sobre estes atravessamentos dentro dos espa\u00e7os acad\u00eamicos. Nossas atividades buscam bater de frente com essa realidade e potencializar as discuss\u00f5es e manifesta\u00e7\u00f5es perif\u00e9ricas\u201d, diz.&nbsp;<\/p>\n\n\n\n<p>Malu concorda e acrescenta \u201ceu n\u00e3o separo arte e conhecimento, arte e ci\u00eancia, para mim elas se completam, tanto que o meu trabalho sempre est\u00e1 envolvido com arte. Acho que \u00e9 muito legal a gente trazer esse debate, essa import\u00e2ncia de falar a partir de uma perspectiva que sai da normatiza\u00e7\u00e3o, o que \u00e9 diverso dentro das ci\u00eancias e das artes e quem \u00e9 que est\u00e1 fazendo ci\u00eancia e arte com temas diversos, quais s\u00e3o esses corpos que est\u00e3o ocupando esse espa\u00e7o t\u00e3o dif\u00edcil dentro da ci\u00eancia, da academia e da pr\u00f3pria arte\u201d.<\/p>\n\n\n\n<p>Menor Npr 043, que escreve desde os 11 anos, abordando temas que atravessam o cotidiano de popula\u00e7\u00f5es perif\u00e9ricas, como fome, viol\u00eancia policial, mas tamb\u00e9m a pot\u00eancia de vida que pulsa nestas regi\u00f5es negligenciadas e estigmatizadas, a exemplo da import\u00e2ncia de reconhecer-se em comunidade, compartilha a alegria em ser chamado para compor a mesa, momento no qual espera-se que o p\u00fablico tamb\u00e9m se sinta pertencente.&nbsp;<\/p>\n\n\n\n<p>\u201cIsso me prova que meu trabalho n\u00e3o foi em v\u00e3o, que meu livro est\u00e1 chegando nas pessoas certas e tendo reconhecimento. Acho importante para dar ainda mais voz para os movimentos e pessoas que muitas das vezes foram caladas direta e\/ou indiretamente\u201d, observa.&nbsp;<\/p>\n\n\n\n<p>Partindo da premissa de que sorrir \u00e9 estrat\u00e9gia de sobreviv\u00eancia sob um sistema que ainda resguarda alegria e esperan\u00e7a como privil\u00e9gios, Ursula refor\u00e7a a responsabilidade de compor a mesa, classificada como um local onde \u2013 em refer\u00eancia \u00e0 pensadora brasileira, feminista negra L\u00e9lia Gonzalez \u2013 subaternizades v\u00e3o falar e \u201cnuma boa\u201d.&nbsp;<\/p>\n\n\n\n<p>\u201cFiquei muito feliz pelo convite mas mais ainda pelo que ele significa: o reconhecimento de trajet\u00f3rias que muitas vezes s\u00e3o constru\u00eddas fora dos espa\u00e7os legitimados. Ent\u00e3o, eu vejo esse convite como um gesto pol\u00edtico, onde saberes marginalizados s\u00e3o chamados para compor. N\u00e3o \u00e9 s\u00f3 \u201cchamar pra falar\u201d, \u00e9 dar import\u00e2ncia para essas experi\u00eancias e produ\u00e7\u00f5es de conhecimento\u201d, pontua Ursula, que assina a obra \u201cAs armas da cisnormatividade contra a linguagem n\u00e3o bin\u00e1ria no Brasil\u201d, fruto de sua disserta\u00e7\u00e3o de mestrado vinculada ao PPGSOC (Programa de P\u00f3s-Gradua\u00e7\u00e3o em Sociologia) da UEL.<\/p>\n\n\n<div class=\"wp-block-image\">\n<figure class=\"aligncenter size-large\"><img loading=\"lazy\" decoding=\"async\" width=\"1024\" height=\"683\" src=\"https:\/\/projetos.uel.br\/praxis\/wp-content\/uploads\/2026\/02\/FOTO-2-Credito-Festival-das-Diversidades-Acervo-1024x683.webp\" alt=\"\" class=\"wp-image-1839\" srcset=\"https:\/\/projetos.uel.br\/praxis\/wp-content\/uploads\/2026\/02\/FOTO-2-Credito-Festival-das-Diversidades-Acervo-1024x683.webp 1024w, https:\/\/projetos.uel.br\/praxis\/wp-content\/uploads\/2026\/02\/FOTO-2-Credito-Festival-das-Diversidades-Acervo-300x200.webp 300w, https:\/\/projetos.uel.br\/praxis\/wp-content\/uploads\/2026\/02\/FOTO-2-Credito-Festival-das-Diversidades-Acervo-768x512.webp 768w, https:\/\/projetos.uel.br\/praxis\/wp-content\/uploads\/2026\/02\/FOTO-2-Credito-Festival-das-Diversidades-Acervo.webp 1536w\" sizes=\"auto, (max-width: 1024px) 100vw, 1024px\" \/><figcaption class=\"wp-element-caption\">Em sua terceira edi\u00e7\u00e3o, Festival das Diversidades busca democratizar acesso \u00e0 cultura e valorizar produ\u00e7\u00f5es de artistas pertencentes a grupos historicamente marginalizados \u2013 Foto: Festival das Diversidades\/Acervo<\/figcaption><\/figure>\n<\/div>\n\n\n<p>\u201cQuando a ci\u00eancia n\u00e3o \u00e9 revista, n\u00e3o \u00e9 ci\u00eancia, \u00e9 viol\u00eancia\u201d<\/p>\n\n\n\n<p>Malu, que tamb\u00e9m \u00e9 presidenta do Instituto Diversas, cujas principais finalidades s\u00e3o a promo\u00e7\u00e3o da dignidade das pessoas gordas, enfrentando a patologiza\u00e7\u00e3o de seus corpos e valorizando conhecimentos e viv\u00eancias produzidos por elas, avalia que apesar dos avan\u00e7os na \u00faltima d\u00e9cada, ainda h\u00e1 muito a se fazer para incluir as diversidades nas agendas de pesquisa e nos debates p\u00fablicos, especialmente, no que diz respeito \u00e0s corporalidades gordas.<\/p>\n\n\n\n<p>\u201cAcho que o maior desafio \u00e9 as pessoas entenderem que a ci\u00eancia n\u00e3o \u00e9 algo fechado e imut\u00e1vel, que ela precisa estar sendo sempre revista, discutida, pensada e que deve se tornar a partir dos direitos humanos. Ent\u00e3o se existe um grupo reclamando da constru\u00e7\u00e3o de algum conhecimento como violento, a gente precisa parar e repensar sobre isso. Tem uma frase que eu sempre falo, que \u00e9 bem conhecida minha, que \u00e9 quando a ci\u00eancia n\u00e3o \u00e9 questionada, n\u00e3o \u00e9 revista, n\u00e3o \u00e9 ci\u00eancia, \u00e9 viol\u00eancia\u201d, assinala.<\/p>\n\n\n\n<p>Ursula ressalta a urg\u00eancia de \u201cinverter a l\u00f3gica\u201d, para que grupos vulnerabilizados n\u00e3o sejam meros objetos de conhecimento, mas produtores de saberes.<\/p>\n\n\n\n<p>\u201cTanto a arte como a ci\u00eancia produzem formas de ver o mundo e a verdade \u00e9 que por muito tempo s\u00f3 determinadas vozes, determinados corpos, eram considerados dignos de ocupar esses espa\u00e7os. Ent\u00e3o, quando a gente fala de diversidade nesse sentido, a gente lembra formas de ser, pensar e interpretar a realidade que sempre estiveram distantes desse modelo e, por esse motivo, sempre foram silenciadas\u201d, argumenta.<\/p>\n\n\n\n<p>Al\u00e9m da possibilidade de vislumbrar mundos outros, Ursula considera que a escuta atenta de tais coletivos \u00e9 crucial para que as universidades possam transformar suas pr\u00e1ticas, incorporando cada vez saberes m\u00faltiplos em seus curr\u00edculos, garantindo pol\u00edticas de ingresso e perman\u00eancia para p\u00fablicos espec\u00edficos. Para ela, o resultado ser\u00e1 uma universidade mais conectada com as m\u00faltiplas realidades sociais.<\/p>\n\n\n\n<p>\u201cQuando a gente assume diferentes experi\u00eancias de vida como fontes leg\u00edtimas de conhecimento, \u00e9 inevit\u00e1vel que surjam pesquisas ainda mais sens\u00edveis \u00e0s desigualdades. Al\u00e9m de mexer no sentimento de pertencimento: estudantes que antes se viam como fora do lugar, como impostores ocupando este espa\u00e7o, passam a se reconhecer como parte ativa na produ\u00e7\u00e3o de conhecimento. Isso transforma trajet\u00f3rias individuais mas tamb\u00e9m empodera comunidades inteiras, al\u00e9m de mexer no pr\u00f3prio sentido da universidade como uma institui\u00e7\u00e3o p\u00fablica, para o p\u00fablico\u201d, indica.<\/p>\n\n\n\n<p>\u201cN\u00e3o adianta ter cota para aluno se n\u00e3o tem para professores, por exemplo, e quando a gente coloca corpos e debates diversos, a gente est\u00e1 s\u00f3 ampliando a constru\u00e7\u00e3o do conhecimento, principalmente, nesse momento de neoliberalismo, capitalismo e do avan\u00e7o da extrema-direita\u201d, acrescenta Malu.<\/p>\n\n\n\n<p>\u201cQue a gente possa construir um espa\u00e7o real de troca, que a gente n\u00e3o se limite a falas isoladas, que as pessoas possam se sentir provocadas a fazer novas conex\u00f5es, que n\u00f3s saibamos produzir desdobramentos deste encontro. E tamb\u00e9m que seja um momento de celebra\u00e7\u00e3o. Em tempos de tantos ataques \u00e0 cultura e \u00e0 educa\u00e7\u00e3o, pensarmos em conjunto e estarmos juntes \u00e9, em si, um ato de resist\u00eancia. E \u00e9 a partir disso que a gente constr\u00f3i futuros poss\u00edveis\u201d, convida Ursula.<\/p>\n\n\n<div class=\"wp-block-image\">\n<figure class=\"aligncenter size-large\"><img loading=\"lazy\" decoding=\"async\" width=\"1024\" height=\"683\" src=\"https:\/\/projetos.uel.br\/praxis\/wp-content\/uploads\/2026\/02\/Copia-de-IMG_5660-1024x683.webp\" alt=\"\" class=\"wp-image-1840\" srcset=\"https:\/\/projetos.uel.br\/praxis\/wp-content\/uploads\/2026\/02\/Copia-de-IMG_5660-1024x683.webp 1024w, https:\/\/projetos.uel.br\/praxis\/wp-content\/uploads\/2026\/02\/Copia-de-IMG_5660-300x200.webp 300w, https:\/\/projetos.uel.br\/praxis\/wp-content\/uploads\/2026\/02\/Copia-de-IMG_5660-768x512.webp 768w, https:\/\/projetos.uel.br\/praxis\/wp-content\/uploads\/2026\/02\/Copia-de-IMG_5660.webp 1536w\" sizes=\"auto, (max-width: 1024px) 100vw, 1024px\" \/><figcaption class=\"wp-element-caption\">Primeira e segunda edi\u00e7\u00f5es do Festival aconteceram na UEL. Neste ano, o evento amplia a sua programa\u00e7\u00e3o, promovendo apresenta\u00e7\u00f5es art\u00edsticas, cient\u00edficas e forma\u00e7\u00f5es para outros espa\u00e7os de Londrina e regi\u00e3o \u2013 Foto: Festival das Diversidades\/Acervo<\/figcaption><\/figure>\n<\/div>\n\n\n<p><strong>Honrando os passos de quem veio antes \u2013 e persiste<\/strong><\/p>\n\n\n\n<p>Originado a partir do Sarauzinho do CLCH, o Festival das Diversidades \u00e9 um evento multiart\u00edstico que nasce na Universidade Estadual de Londrina, fruto de uma trajet\u00f3ria constru\u00edda coletivamente por estudantes, docentes, coletivos e movimentos sociais que buscavam transformar a Universidade em um territ\u00f3rio vivo de express\u00e3o, inclus\u00e3o, arte e ci\u00eancia.<\/p>\n\n\n\n<p>Em 1\u00ba de mar\u00e7o de 2024, ocorreu a primeira edi\u00e7\u00e3o do Festival, realizada no gramado do CLCH. A programa\u00e7\u00e3o reuniu bandas, apresenta\u00e7\u00f5es de teatro, dan\u00e7a, feira de produtores locais e exposi\u00e7\u00f5es art\u00edsticas, atraindo estudantes e moradores de Londrina \u2014 muitos deles pisando, pela primeira vez, na UEL.<\/p>\n\n\n\n<p>A segunda edi\u00e7\u00e3o, realizada em 23 de agosto de 2024, expandiu o formato do evento, com uma programa\u00e7\u00e3o que se estendeu das 14h \u00e0s 22h.<\/p>\n\n\n\n<p>Neste ano, o Festival das Diversidades integra o Circuito Paran\u00e1 Plural, realizado por meio do Programa Paran\u00e1 Festivais, uma iniciativa da Secretaria Estadual de Cultura do Paran\u00e1 em parceria com a HOTMILK \u2013 Ecossistema de Inova\u00e7\u00e3o da PUC-PR (Pontif\u00edcia Universidade Cat\u00f3lica do Paran\u00e1), com apoio da PNAB (Pol\u00edtica Nacional Aldir Blanc de Fomento \u00e0 Cultura).<\/p>\n\n\n\n<p>Al\u00e9m da programa\u00e7\u00e3o ampliada, o evento homenagear\u00e1 lideran\u00e7as que t\u00eam contribu\u00eddo para a constru\u00e7\u00e3o e dissemina\u00e7\u00e3o de saberes nas seguintes \u00e1reas: artes da cena, m\u00fasica, artes visuais, educa\u00e7\u00e3o, ci\u00eancia e direitos humanos.<\/p>\n\n\n\n<p>Malu, que atualmente reside em Belo Horizonte, \u00e9 uma das homenageadas da mostra de \u201cEduca\u00e7\u00e3o, ci\u00eancia e direitos humanos\u201d e vem a Londrina especialmente para receber o reconhecimento e compor a mesa.&nbsp;<\/p>\n\n\n\n<p>\u201cPara mim \u00e9 um orgulho, \u00e9 uma honra poder participar do Festival das Diversidades na UEL, em Londrina, \u00e9 muito importante ocupar esse espa\u00e7o e falar sobre esses temas. Estou muito feliz em ser uma das homenageadas. Apesar de voc\u00ea estar sempre com alunos, dando palestras, viajando, \u00e9 um trabalho muito solit\u00e1rio e quando acontecem essas homenagens \u00e9 bom porque d\u00e1 um calorzinho no cora\u00e7\u00e3o, voc\u00ea fica feliz com seu trabalho sendo reconhecido, s\u00e3o afetos, s\u00e3o encontros. Ent\u00e3o, vale toda a pena toda essa labuta\u201d, conta.&nbsp;<\/p>\n\n\n\n<p>A docente-pesquisadora-artivista, salienta a import\u00e2ncia de expandir as redes.&nbsp;\u201cEstou muito feliz e ansiosa, primeiro porque Londrina, apesar de todos os seus problemas \u00e9 um lugar que me acolhe sempre que eu vou, sou muito feliz quando estou em Londrina, encontro pessoas muito potentes, com muito afeto. A expectativa \u00e9 que a gente fa\u00e7a um debate bem cr\u00edtico, para que as pessoas tenham espa\u00e7o para falar e debater. N\u00f3s que estamos \u00e0 margem ou n\u00e3o, que somos dissidentes, \u00e9 importante ter estes encontros para nos fortalecermos\u201d, argumenta.&nbsp;<\/p>\n\n\n\n<p><strong>Inscri\u00e7\u00f5es abertas&nbsp;<\/strong><\/p>\n\n\n\n<p>O 3\u00ba Festival das Diversidades est\u00e1 com inscri\u00e7\u00f5es abertas para aquelas e aqueles que desejam expor seus trabalhos. Podem participar artistas, grupos culturais, pesquisadores e feirantes. As propostas podem ser submetidas at\u00e9 20 de mar\u00e7o (saiba mais&nbsp;<a href=\"https:\/\/portalverdade.com.br\/3o-festival-das-diversidades-abre-inscricoes-para-interessades-em-compor-programacao\/\">aqui<\/a>).<\/p>\n\n\n\n<p><strong>Servi\u00e7o<\/strong><\/p>\n\n\n\n<p><em>Mesa \u201cCorpos marginalizados na cultura e na ci\u00eancia\u201d com com Malu Jimenez, Menor NPR 043 e Ursula Brevilheri + feirinha com discotecagem + Ballroom Londrina + grupo Doce Veneno<\/em><\/p>\n\n\n\n<p>Data: Domingo, 1\u00ba de mar\u00e7o de 2026<\/p>\n\n\n\n<p>Hor\u00e1rio: das 15h \u00e0s 22h<\/p>\n\n\n\n<p>Local: Canto do Marl (Avenida Duque de Caxias, n\u00ba 3.241 \u2013 Centro)<\/p>\n\n\n\n<p>Entrada gratuita&nbsp;<\/p>\n\n\n\n<p><\/p>\n\n\n\n<p>Fonte: Portal Verdade<\/p>\n","protected":false},"excerpt":{"rendered":"<p>Lan\u00e7amento tamb\u00e9m conta com feirinha, discotecagem, apresenta\u00e7\u00e3o do grupo Doce Veneno e Ballroom<\/p>\n","protected":false},"author":12,"featured_media":1841,"comment_status":"open","ping_status":"open","sticky":false,"template":"","format":"standard","meta":{"_acf_changed":false,"footnotes":""},"categories":[33],"tags":[46,49,40,47,45,38,43],"class_list":["post-1838","post","type-post","status-publish","format-standard","has-post-thumbnail","hentry","category-cultura","tag-3o-festival-das-diversidades","tag-corpos-marginalizados","tag-cultura","tag-diversidade","tag-fdd","tag-lgbtqiapn","tag-resistencia"],"acf":[],"_links":{"self":[{"href":"https:\/\/projetos.uel.br\/praxis\/wp-json\/wp\/v2\/posts\/1838","targetHints":{"allow":["GET"]}}],"collection":[{"href":"https:\/\/projetos.uel.br\/praxis\/wp-json\/wp\/v2\/posts"}],"about":[{"href":"https:\/\/projetos.uel.br\/praxis\/wp-json\/wp\/v2\/types\/post"}],"author":[{"embeddable":true,"href":"https:\/\/projetos.uel.br\/praxis\/wp-json\/wp\/v2\/users\/12"}],"replies":[{"embeddable":true,"href":"https:\/\/projetos.uel.br\/praxis\/wp-json\/wp\/v2\/comments?post=1838"}],"version-history":[{"count":2,"href":"https:\/\/projetos.uel.br\/praxis\/wp-json\/wp\/v2\/posts\/1838\/revisions"}],"predecessor-version":[{"id":1847,"href":"https:\/\/projetos.uel.br\/praxis\/wp-json\/wp\/v2\/posts\/1838\/revisions\/1847"}],"wp:featuredmedia":[{"embeddable":true,"href":"https:\/\/projetos.uel.br\/praxis\/wp-json\/wp\/v2\/media\/1841"}],"wp:attachment":[{"href":"https:\/\/projetos.uel.br\/praxis\/wp-json\/wp\/v2\/media?parent=1838"}],"wp:term":[{"taxonomy":"category","embeddable":true,"href":"https:\/\/projetos.uel.br\/praxis\/wp-json\/wp\/v2\/categories?post=1838"},{"taxonomy":"post_tag","embeddable":true,"href":"https:\/\/projetos.uel.br\/praxis\/wp-json\/wp\/v2\/tags?post=1838"}],"curies":[{"name":"wp","href":"https:\/\/api.w.org\/{rel}","templated":true}]}}