{"id":1832,"date":"2026-02-12T12:18:36","date_gmt":"2026-02-12T15:18:36","guid":{"rendered":"https:\/\/projetos.uel.br\/praxis\/?p=1832"},"modified":"2026-02-12T12:23:22","modified_gmt":"2026-02-12T15:23:22","slug":"3o-festival-das-diversidades-abre-inscricoes-para-interessados-em-compor-programacao","status":"publish","type":"post","link":"https:\/\/projetos.uel.br\/praxis\/cultura\/2026\/02\/12\/3o-festival-das-diversidades-abre-inscricoes-para-interessados-em-compor-programacao\/","title":{"rendered":"3\u00ba Festival das Diversidades abre inscri\u00e7\u00f5es para interessados em compor programa\u00e7\u00e3o"},"content":{"rendered":"\n<p>Nesta sexta-feira (13), o 3\u00ba Festival das Diversidades, evento organizado pela produtora cultural Kapanga Criativa e o programa de extens\u00e3o da UEL (Universidade Estadual de Londrina) Pr\u00e1xis Itinerante, abre as inscri\u00e7\u00f5es gratuitas para aquelas e aqueles que desejam expor seus trabalhos.<br>&nbsp;<br>Podem participar artistas, grupos culturais, pesquisadores e feirantes cujas produ\u00e7\u00f5es dialoguem com os seguintes eixos: artes da cena, m\u00fasica, artes visuais, educa\u00e7\u00e3o, ci\u00eancia, direitos humanos, economia criativa e solid\u00e1ria.<br>&nbsp;<br>Tiago Daniel, ator, produtor cultural, diretor da Kapanga Criativa e do Festival das Diversidades, salienta que a programa\u00e7\u00e3o composta a partir do chamamento, priorizar\u00e1 a valoriza\u00e7\u00e3o de grupos historicamente marginalizados como pessoas negras, ind\u00edgenas, LGBTQIAPN+, com defici\u00eancia, povos e comunidades tradicionais.<br>&nbsp;<br>\u201cO Festival das Diversidades parte do entendimento de que a cultura deve ser o principal campo de disputa pelos corpos marginalizados. Acreditamos n\u00e3o apenas no direito ao acesso aos equipamentos dispon\u00edveis, mas na import\u00e2ncia da ocupa\u00e7\u00e3o, reestrutura\u00e7\u00e3o e cria\u00e7\u00e3o de espa\u00e7os seguros para nossos corpos, fortalecendo produ\u00e7\u00f5es que expressam experi\u00eancias, saberes e est\u00e9ticas frequentemente invisibilizadas\u201d, afirma.<\/p>\n\n\n\n<p>De acordo com ele, a inten\u00e7\u00e3o \u00e9 desconstruir a ideia de que conhecimento, arte e cultura s\u00e3o produzidos apenas em espa\u00e7os institucionais, ainda restritos \u00e0 minoria da popula\u00e7\u00e3o. A democratiza\u00e7\u00e3o da cultura e da ci\u00eancia, em suas m\u00faltiplas manifesta\u00e7\u00f5es e \u00e1reas, \u00e9 uma das principais finalidades do Festival, cujas atividades ocorrem entre mar\u00e7o e agosto, em diferentes munic\u00edpios do Paran\u00e1.<br>&nbsp;<br>\u201cMais do que representatividade, trata-se de redistribuir oportunidades, fortalecer redes comunit\u00e1rias e afirmar a cultura como pr\u00e1tica de resist\u00eancia, produ\u00e7\u00e3o de conhecimento e transforma\u00e7\u00e3o social. Queremos relembrar e refor\u00e7ar a ideia de que n\u00e3o se produz ci\u00eancia s\u00f3 nos ambientes socialmente elaborados como guardi\u00f5es de tal sabedoria. Ci\u00eancia se faz na rua, com afeto, encontro arte e corpos vivos\u201d, adverte.<\/p>\n\n\n\n<figure class=\"wp-block-gallery has-nested-images columns-default is-cropped wp-block-gallery-1 is-layout-flex wp-block-gallery-is-layout-flex\"><div class=\"wp-block-image\">\n<figure class=\"aligncenter size-large\"><img loading=\"lazy\" decoding=\"async\" width=\"1024\" height=\"683\" data-id=\"1833\" src=\"https:\/\/projetos.uel.br\/praxis\/wp-content\/uploads\/2026\/02\/IMG_4178.JPG-1024x683.jpeg\" alt=\"\" class=\"wp-image-1833\" srcset=\"https:\/\/projetos.uel.br\/praxis\/wp-content\/uploads\/2026\/02\/IMG_4178.JPG-1024x683.jpeg 1024w, https:\/\/projetos.uel.br\/praxis\/wp-content\/uploads\/2026\/02\/IMG_4178.JPG-300x200.jpeg 300w, https:\/\/projetos.uel.br\/praxis\/wp-content\/uploads\/2026\/02\/IMG_4178.JPG-768x512.jpeg 768w, https:\/\/projetos.uel.br\/praxis\/wp-content\/uploads\/2026\/02\/IMG_4178.JPG-1536x1024.jpeg 1536w, https:\/\/projetos.uel.br\/praxis\/wp-content\/uploads\/2026\/02\/IMG_4178.JPG.jpeg 2048w\" sizes=\"auto, (max-width: 1024px) 100vw, 1024px\" \/><figcaption class=\"wp-element-caption\">Primeira e segunda edi\u00e7\u00f5es do Festival aconteceram na UEL. Neste ano, o evento amplia a sua programa\u00e7\u00e3o, promovendo apresenta\u00e7\u00f5es art\u00edsticas, cient\u00edficas e forma\u00e7\u00f5es para outros espa\u00e7os de Londrina e regi\u00e3o \u2013 Foto: Festival das Diversidades\/Acervo<\/figcaption><\/figure>\n<\/div><\/figure>\n\n\n\n<p>Para se inscrever, \u00e9 necess\u00e1rio preencher o formul\u00e1rio dispon\u00edvel <a href=\"https:\/\/docs.google.com\/forms\/d\/e\/1FAIpQLSc-h8T-a_ieDZPti1Qmrd4FavvTdWzOus93a5utEIVbyPAkug\/closedform\" data-type=\"link\" data-id=\"https:\/\/docs.google.com\/forms\/d\/e\/1FAIpQLSc-h8T-a_ieDZPti1Qmrd4FavvTdWzOus93a5utEIVbyPAkug\/closedform\">aqui<\/a>. No documento, \u00e9 preciso informar dados como eixo e categoria da proposta; descri\u00e7\u00e3o detalhada da atividade; necessidades t\u00e9cnicas e estruturais; autodeclara\u00e7\u00e3o de pertencimento ao p\u00fablico priorit\u00e1rio (quando aplic\u00e1vel). Tamb\u00e9m \u00e9 desej\u00e1vel o envio de portf\u00f3lio com fotos, v\u00eddeos, entre outros materiais.<br><\/p>\n\n\n\n<p>As propostas submetidas ser\u00e3o avaliadas por uma comiss\u00e3o curatorial formada por integrantes da organiza\u00e7\u00e3o do Festival e convidados. A an\u00e1lise considerar\u00e1 os seguintes crit\u00e9rios: alinhamento com os objetivos e diretrizes do Festival; diversidade de representa\u00e7\u00f5es e pertencimento ao p\u00fablico priorit\u00e1rio; relev\u00e2ncia art\u00edstica, cultural, social e pol\u00edtica; viabilidade t\u00e9cnica e or\u00e7ament\u00e1ria; contribui\u00e7\u00e3o para a descentraliza\u00e7\u00e3o cultural no Paran\u00e1.<br><\/p>\n\n\n\n<p>\u201cA terceira edi\u00e7\u00e3o do Festival das Diversidades marca um momento hist\u00f3rico para a cultura londrinense: o impulsionamento de mais um festival cultural em Londrina, sobretudo, que se dedica a visibilizar corpos marginalizados e ocupar espa\u00e7os de fomento \u00e0 ci\u00eancia popular e perif\u00e9rica. Nossa programa\u00e7\u00e3o \u00e9 extensa e abarca atividades de diferentes eixos, isso n\u00e3o se constr\u00f3i apenas com o or\u00e7amento e projeto do festival. Isso se constr\u00f3i com luta coletiva, apoio, sonho e esperan\u00e7a de tomar o espa\u00e7o que nos pertence\u201d, compartilha Tiago.<br>Os resultados ser\u00e3o divulgados conforme cronograma por meio do <a href=\"https:\/\/projetos.uel.br\/praxis\/festival-das-diversidades\/\">site<\/a> e <a href=\"https:\/\/www.instagram.com\/festivaldasdiversidades\/\">Instagram<\/a> do evento. &nbsp;<\/p>\n\n\n\n<p><br>\u201cConvido todes artistas, coletivos, pesquisadores, educadores e feirantes de Londrina e regi\u00e3o a integrarem este movimento. Se sua proposta dialoga com a diversidade, com os territ\u00f3rios e com a democratiza\u00e7\u00e3o da cultura, este espa\u00e7o \u00e9 para voc\u00ea. Entre em contato com o Festival pelos meios oficiais dispon\u00edveis em nossas redes. Venha construir conosco um festival plural, gratuito, descentralizado e comprometido com a valoriza\u00e7\u00e3o das m\u00faltiplas vozes que comp\u00f5em a cultura do nosso estado\u201d, convoca.<br>Neste ano, o Festival das Diversidades integra o Programa Paran\u00e1 Festivais. A a\u00e7\u00e3o foi selecionada em edital lan\u00e7ado pela Hotmilk, startup da PUC-PR (Pontif\u00edcia Universidade Cat\u00f3lica do Paran\u00e1) em conjunto com a Secretaria Estadual de Cultura e Minist\u00e9rio da Cultura. A proposta foi a \u00fanica escolhida pela categoria \u201cPinha\u201d em Londrina (<a href=\"https:\/\/operobal.uel.br\/cultura\/2025\/08\/13\/festival-das-diversidades-e-selecionado-para-integrar-ecossistema-artistico-cultural-do-parana\/\" data-type=\"link\" data-id=\"https:\/\/operobal.uel.br\/cultura\/2025\/08\/13\/festival-das-diversidades-e-selecionado-para-integrar-ecossistema-artistico-cultural-do-parana\/\">saiba mais aqui<\/a>).<\/p>\n\n\n\n<figure class=\"wp-block-gallery has-nested-images columns-default is-cropped wp-block-gallery-2 is-layout-flex wp-block-gallery-is-layout-flex\"><div class=\"wp-block-image\">\n<figure class=\"aligncenter size-large\"><img loading=\"lazy\" decoding=\"async\" width=\"1024\" height=\"683\" data-id=\"1834\" src=\"https:\/\/projetos.uel.br\/praxis\/wp-content\/uploads\/2026\/02\/IMG_4177.JPG-1024x683.jpeg\" alt=\"\" class=\"wp-image-1834\" srcset=\"https:\/\/projetos.uel.br\/praxis\/wp-content\/uploads\/2026\/02\/IMG_4177.JPG-1024x683.jpeg 1024w, https:\/\/projetos.uel.br\/praxis\/wp-content\/uploads\/2026\/02\/IMG_4177.JPG-300x200.jpeg 300w, https:\/\/projetos.uel.br\/praxis\/wp-content\/uploads\/2026\/02\/IMG_4177.JPG-768x512.jpeg 768w, https:\/\/projetos.uel.br\/praxis\/wp-content\/uploads\/2026\/02\/IMG_4177.JPG-1536x1024.jpeg 1536w, https:\/\/projetos.uel.br\/praxis\/wp-content\/uploads\/2026\/02\/IMG_4177.JPG.jpeg 1620w\" sizes=\"auto, (max-width: 1024px) 100vw, 1024px\" \/><figcaption class=\"wp-element-caption\">Neste ano, o Festival das Diversidades integra o Programa Paran\u00e1 Festivais \u2013 Foto: Festival das Diversidades\/Acervo<\/figcaption><\/figure>\n<\/div><\/figure>\n\n\n\n<p><strong>Trajet\u00f3ria<\/strong><br>&nbsp;<br>Durante sua trajet\u00f3ria, o Festival das Diversidades passou por significativas mudan\u00e7as. Inicialmente, era um evento da semana de recep\u00e7\u00e3o dos ingressantes da UEL atrav\u00e9s de manifesta\u00e7\u00f5es art\u00edsticas compartilhadas, conhecido como Sarau de Sociais. A atividade era organizada por estudantes de Ci\u00eancias Sociais e realizada no Bar Valentino. Em 2018, quando o Pr\u00e1xis Itinerante foi criado, o evento foi incorporado em suas a\u00e7\u00f5es e em 2024, se transformou no Festival das Diversidades.<br>&nbsp;<br>Renovado, em mar\u00e7o e agosto de 2024 aconteceram as duas primeiras edi\u00e7\u00f5es do Festival das Diversidades no Centro de Letras e Ci\u00eancias Humanas da UEL. A programa\u00e7\u00e3o contou com express\u00f5es art\u00edsticas, shows de m\u00fasica, teatro, poesia, exposi\u00e7\u00f5es de arte e rodas de conversa.<br>&nbsp;<br>Al\u00e9m das atra\u00e7\u00f5es, o Festival das Diversidades tamb\u00e9m mudou seus objetivos, buscando promover a celebra\u00e7\u00e3o das diversidades e pluralidades: \u201cN\u00f3s t\u00ednhamos artistas pretos, transexuais e majoritariamente n\u00e3o cis-heteronormativos e na terceira edi\u00e7\u00e3o isso se mant\u00e9m, mas a longa escala\u201d, conta Tiago.<br>&nbsp;<br>Para a terceira e maior edi\u00e7\u00e3o do Festival, as mudan\u00e7as acontecem em rela\u00e7\u00e3o ao seu alcance. \u201cO objetivo continua sendo discutir as diversidades e o suporte financeiro do Paran\u00e1 Festivais possibilita ampliar a visibilidade dos artistas e da cultura\u201d, finaliza.<\/p>\n\n\n\n<p>Fonte: <a href=\"https:\/\/portalverdade.com.br\/3o-festival-das-diversidades-abre-inscricoes-para-interessades-em-compor-programacao\/\">Portal Verdade<\/a><\/p>\n","protected":false},"excerpt":{"rendered":"<p>Atividades priorizam expositores e grupos pertencentes a segmentos historicamente marginalizados<\/p>\n","protected":false},"author":12,"featured_media":1835,"comment_status":"open","ping_status":"open","sticky":false,"template":"","format":"standard","meta":{"_acf_changed":false,"footnotes":""},"categories":[33],"tags":[46,40,47,45,48,38,43],"class_list":["post-1832","post","type-post","status-publish","format-standard","has-post-thumbnail","hentry","category-cultura","tag-3o-festival-das-diversidades","tag-cultura","tag-diversidade","tag-fdd","tag-kapanga-criativa","tag-lgbtqiapn","tag-resistencia"],"acf":[],"_links":{"self":[{"href":"https:\/\/projetos.uel.br\/praxis\/wp-json\/wp\/v2\/posts\/1832","targetHints":{"allow":["GET"]}}],"collection":[{"href":"https:\/\/projetos.uel.br\/praxis\/wp-json\/wp\/v2\/posts"}],"about":[{"href":"https:\/\/projetos.uel.br\/praxis\/wp-json\/wp\/v2\/types\/post"}],"author":[{"embeddable":true,"href":"https:\/\/projetos.uel.br\/praxis\/wp-json\/wp\/v2\/users\/12"}],"replies":[{"embeddable":true,"href":"https:\/\/projetos.uel.br\/praxis\/wp-json\/wp\/v2\/comments?post=1832"}],"version-history":[{"count":2,"href":"https:\/\/projetos.uel.br\/praxis\/wp-json\/wp\/v2\/posts\/1832\/revisions"}],"predecessor-version":[{"id":1837,"href":"https:\/\/projetos.uel.br\/praxis\/wp-json\/wp\/v2\/posts\/1832\/revisions\/1837"}],"wp:featuredmedia":[{"embeddable":true,"href":"https:\/\/projetos.uel.br\/praxis\/wp-json\/wp\/v2\/media\/1835"}],"wp:attachment":[{"href":"https:\/\/projetos.uel.br\/praxis\/wp-json\/wp\/v2\/media?parent=1832"}],"wp:term":[{"taxonomy":"category","embeddable":true,"href":"https:\/\/projetos.uel.br\/praxis\/wp-json\/wp\/v2\/categories?post=1832"},{"taxonomy":"post_tag","embeddable":true,"href":"https:\/\/projetos.uel.br\/praxis\/wp-json\/wp\/v2\/tags?post=1832"}],"curies":[{"name":"wp","href":"https:\/\/api.w.org\/{rel}","templated":true}]}}