{"id":1825,"date":"2025-12-02T12:46:16","date_gmt":"2025-12-02T15:46:16","guid":{"rendered":"https:\/\/projetos.uel.br\/praxis\/?p=1825"},"modified":"2025-12-02T12:49:14","modified_gmt":"2025-12-02T15:49:14","slug":"o-festival-das-diversidades-lanca-nota-em-solidariedade-aos-ataques-a-parada-cultural-lgbtqia-de-londrina","status":"publish","type":"post","link":"https:\/\/projetos.uel.br\/praxis\/noticias\/2025\/12\/02\/o-festival-das-diversidades-lanca-nota-em-solidariedade-aos-ataques-a-parada-cultural-lgbtqia-de-londrina\/","title":{"rendered":"O Festival das Diversidades lan\u00e7a nota em solidariedade aos ataques \u00e0 Parada Cultural LGBTQIA+ de Londrina"},"content":{"rendered":"\n<p>O Festival das Diversidades, por meio do Programa de Extens\u00e3o Pr\u00e1xis Itinerante da Universidade Estadual de Londrina e da produtora cultural Kapanga Criativa, divulgou nesta ter\u00e7a-feira (02) uma nota p\u00fablica de apoio \u00e0 7\u00aa edi\u00e7\u00e3o da Parada<br>Cultural LGBTQIA+ de Londrina, que vem sofrendo sucessivas tentativas de silenciamento, deslegitima\u00e7\u00e3o e ataques \u00e0s suas express\u00f5es.<\/p>\n\n\n\n<p>A manifesta\u00e7\u00e3o de solidariedade ocorre em um contexto marcado por recentes impedimentos \u00e0 realiza\u00e7\u00e3o da Parada: o evento precisou ser adiado ap\u00f3s impasses com \u00f3rg\u00e3os de seguran\u00e7a p\u00fablica, que afirmaram n\u00e3o poder garantir a integridade dos participantes nem a preserva\u00e7\u00e3o do espa\u00e7o inicialmente previsto. Diante das exig\u00eancias impostas, avaliadas pelos organizadores como invi\u00e1veis, a Parada foi remarcada para o dia 7 de dezembro de 2025.<br><\/p>\n\n\n\n<p>Para Tiago Daniel, diretor-geral do Festival das Diversidades, o ato refor\u00e7a a gravidade da situa\u00e7\u00e3o vivida pelos movimentos culturais e sociais da cidade: \u201c\u00c9 um absurdo, mas n\u00e3o \u00e9 uma novidade. A pol\u00edtica de Londrina \u00e9 uma pol\u00edtica de \u00f3dio \u00e0 diversidade, \u00e0 cultura, \u00e0 assist\u00eancia social, ao lazer e a qualquer manifesta\u00e7\u00e3o em prol de grupos historicamente marginalizados.\u201d<br><\/p>\n\n\n\n<p class=\"has-text-align-left\">O adiamento da Parada ocorreu ap\u00f3s exig\u00eancias rigorosas de seguran\u00e7a, que inclu\u00edam demandas consideradas imposs\u00edveis de atender, al\u00e9m de restri\u00e7\u00f5es ao uso do espa\u00e7o original. Com isso, o formato do evento tamb\u00e9m ser\u00e1 alterado: em vez de ocorrer em um local fechado, a Parada volta ao formato de passeata pelas ruas da cidade, retomando a l\u00f3gica das primeiras edi\u00e7\u00f5es e assegurando o direito constitucional \u00e0 manifesta\u00e7\u00e3o em espa\u00e7os p\u00fablicos.<br><\/p>\n\n\n\n<p class=\"has-text-align-left\">Frente a esse cen\u00e1rio, o Festival das Diversidades reafirma que a Parada Cultural n\u00e3o \u00e9 apenas uma festa, mas um instrumento de afirma\u00e7\u00e3o de cidadania, resist\u00eancia e visibilidade. \u201cN\u00e3o \u00e9 de hoje que o munic\u00edpio utiliza estrat\u00e9gias pol\u00edticas para provocar um desmonte na cultura enquanto financia seus projetos pat\u00e9ticos, como um Papai Noel flutuante de milh\u00f5es de reais. Mais do que nunca precisamos agir. Bater de frente. Organizar os coletivos e ir pra rua. Precisamos derrubar leis que v\u00e3o contra nossa exist\u00eancia e avan\u00e7ar na cria\u00e7\u00e3o de pol\u00edticas p\u00fablicas que impe\u00e7am essas agress\u00f5es\u201d, afirma Tiago.<br><\/p>\n\n\n\n<p class=\"has-text-align-left\">A nota emitida pelo Festival refor\u00e7a que, diante das constantes amea\u00e7as e cortes \u00e0s pol\u00edticas culturais e de assist\u00eancia social, o apoio \u00e0 Parada Cultural LGBTQIA+ de Londrina n\u00e3o \u00e9 apenas simb\u00f3lico, mas uma exig\u00eancia urgente de justi\u00e7a, inclus\u00e3o e democracia. Confira a nota na \u00edntegra:<br><\/p>\n\n\n\n<p class=\"has-text-align-left\"><strong>Nota de apoio e solidariedade \u00e0 Parada Cultural LGBTQIA+ de Londrina<\/strong><br><\/p>\n\n\n\n<p class=\"has-text-align-left\">O Festival das Diversidades \u2013 Circuito Paran\u00e1 Plural, representado pelo Programa Pr\u00e1xis Itinerante da UEL e pela produtora cultural Kapanga Criativa, <a href=\"https:\/\/www.instagram.com\/p\/DRxDGJ9ETLf\/?img_index=5\" data-type=\"link\" data-id=\"https:\/\/www.instagram.com\/p\/DRxDGJ9ETLf\/?img_index=5\">manifesta sua solidariedade plena \u00e0 7\u00aa Parada Cultural LGBTQIA+ de Londrina<\/a>, que mais uma vez enfrenta tentativas sistem\u00e1ticas de silenciamento, deslegitima\u00e7\u00e3o e ataques \u00e0s express\u00f5es das diversidades no munic\u00edpio.<br><\/p>\n\n\n\n<p class=\"has-text-align-left\">Nos \u00faltimos anos, o Paran\u00e1 tem sido palco de um projeto pol\u00edtico conservador e moralista que busca restringir pol\u00edticas culturais, desmontar iniciativas de promo\u00e7\u00e3o dos direitos humanos e sufocar manifesta\u00e7\u00f5es que celebram as diversidades em nosso Estado. A cultura, a arte e os movimentos sociais t\u00eam sido alvos frequentes de censura, cortes de financiamento, criminaliza\u00e7\u00e3o simb\u00f3lica e discursos de \u00f3dio, especialmente quando se trata de pautas LGBTQIA+, negras, ind\u00edgenas, perif\u00e9ricas e de outros grupos historicamente marginalizados.<br><\/p>\n\n\n\n<p class=\"has-text-align-left\">A Parada Cultural LGBTQIA+ de Londrina \u00e9 um dos eventos mais importantes de afirma\u00e7\u00e3o da cidadania na cidade. Ela n\u00e3o \u00e9 apenas um ato festivo, mas um mecanismo coletivo de resist\u00eancia, reivindica\u00e7\u00e3o de direitos e den\u00fancia das viol\u00eancias estruturais que afetam diariamente essas popula\u00e7\u00f5es. Tentativas de diminuir sua relev\u00e2ncia ou inviabilizar sua realiza\u00e7\u00e3o refor\u00e7am a l\u00f3gica de exclus\u00e3o que ainda atravessa a vida p\u00fablica.<br><\/p>\n\n\n\n<p class=\"has-text-align-left\">O Festival das Diversidades reafirma seu compromisso com uma cultura plural, democr\u00e1tica, acess\u00edvel e antidiscriminat\u00f3ria, em oposi\u00e7\u00e3o direta a qualquer projeto pol\u00edtico que busque suprimir corpos, afetos e express\u00f5es dissidentes.<br><\/p>\n\n\n\n<p class=\"has-text-align-left\">Seguimos empenhades na constru\u00e7\u00e3o de uma Londrina em que pol\u00edticas p\u00fablicas de cultura e direitos humanos sejam estruturantes \u2014 e n\u00e3o alvo de persegui\u00e7\u00f5es ideol\u00f3gicas.<br><\/p>\n\n\n\n<p class=\"has-text-align-left\">N\u00e3o recuaremos!<br><\/p>\n\n\n\n<p class=\"has-text-align-left\">Seguiremos lado a lado com a 7\u00aa Parada LGBTQIA+ e com todos os movimentos que defendem a vida, a arte e a dignidade.<br>Que a cidade aprenda, enfim, que diversidade n\u00e3o \u00e9 amea\u00e7a \u2014 \u00e9 pot\u00eancia.<br><\/p>\n\n\n\n<p class=\"has-text-align-left\">3\u00b0 Festival das Diversidades \u2013 Circuito Paran\u00e1 Plural<br>Londrina, 02 de dezembro de 2025.<\/p>\n\n\n\n<figure class=\"wp-block-image size-large is-resized\"><img loading=\"lazy\" decoding=\"async\" width=\"819\" height=\"1024\" src=\"https:\/\/projetos.uel.br\/praxis\/wp-content\/uploads\/2025\/12\/parda_01-1-819x1024.png\" alt=\"\" class=\"wp-image-1827\" style=\"width:937px;height:auto\" srcset=\"https:\/\/projetos.uel.br\/praxis\/wp-content\/uploads\/2025\/12\/parda_01-1-819x1024.png 819w, https:\/\/projetos.uel.br\/praxis\/wp-content\/uploads\/2025\/12\/parda_01-1-240x300.png 240w, https:\/\/projetos.uel.br\/praxis\/wp-content\/uploads\/2025\/12\/parda_01-1-768x960.png 768w, https:\/\/projetos.uel.br\/praxis\/wp-content\/uploads\/2025\/12\/parda_01-1.png 1080w\" sizes=\"auto, (max-width: 819px) 100vw, 819px\" \/><\/figure>\n\n\n\n<p class=\"has-text-align-left\"><\/p>\n","protected":false},"excerpt":{"rendered":"<p>O Festival das Diversidades, por meio do Programa de Extens\u00e3o Pr\u00e1xis Itinerante da Universidade Estadual de Londrina e da produtora cultural Kapanga Criativa, divulgou nesta ter\u00e7a-feira (02) uma nota p\u00fablica de apoio \u00e0 7\u00aa edi\u00e7\u00e3o da ParadaCultural LGBTQIA+ de Londrina, que vem sofrendo sucessivas tentativas de silenciamento, deslegitima\u00e7\u00e3o e ataques \u00e0s suas express\u00f5es. A manifesta\u00e7\u00e3o [&hellip;]<\/p>\n","protected":false},"author":12,"featured_media":1830,"comment_status":"open","ping_status":"open","sticky":false,"template":"","format":"standard","meta":{"_acf_changed":false,"footnotes":""},"categories":[33,1],"tags":[42,40,38,44,39,43],"class_list":["post-1825","post","type-post","status-publish","format-standard","has-post-thumbnail","hentry","category-cultura","category-noticias","tag-apoio-2","tag-cultura","tag-lgbtqiapn","tag-parada-cultural-lgbtqia","tag-parada-lgbtqia","tag-resistencia"],"acf":[],"_links":{"self":[{"href":"https:\/\/projetos.uel.br\/praxis\/wp-json\/wp\/v2\/posts\/1825","targetHints":{"allow":["GET"]}}],"collection":[{"href":"https:\/\/projetos.uel.br\/praxis\/wp-json\/wp\/v2\/posts"}],"about":[{"href":"https:\/\/projetos.uel.br\/praxis\/wp-json\/wp\/v2\/types\/post"}],"author":[{"embeddable":true,"href":"https:\/\/projetos.uel.br\/praxis\/wp-json\/wp\/v2\/users\/12"}],"replies":[{"embeddable":true,"href":"https:\/\/projetos.uel.br\/praxis\/wp-json\/wp\/v2\/comments?post=1825"}],"version-history":[{"count":2,"href":"https:\/\/projetos.uel.br\/praxis\/wp-json\/wp\/v2\/posts\/1825\/revisions"}],"predecessor-version":[{"id":1829,"href":"https:\/\/projetos.uel.br\/praxis\/wp-json\/wp\/v2\/posts\/1825\/revisions\/1829"}],"wp:featuredmedia":[{"embeddable":true,"href":"https:\/\/projetos.uel.br\/praxis\/wp-json\/wp\/v2\/media\/1830"}],"wp:attachment":[{"href":"https:\/\/projetos.uel.br\/praxis\/wp-json\/wp\/v2\/media?parent=1825"}],"wp:term":[{"taxonomy":"category","embeddable":true,"href":"https:\/\/projetos.uel.br\/praxis\/wp-json\/wp\/v2\/categories?post=1825"},{"taxonomy":"post_tag","embeddable":true,"href":"https:\/\/projetos.uel.br\/praxis\/wp-json\/wp\/v2\/tags?post=1825"}],"curies":[{"name":"wp","href":"https:\/\/api.w.org\/{rel}","templated":true}]}}