{"id":1739,"date":"2025-06-09T18:04:45","date_gmt":"2025-06-09T21:04:45","guid":{"rendered":"https:\/\/projetos.uel.br\/praxis\/?p=1739"},"modified":"2025-06-09T18:07:49","modified_gmt":"2025-06-09T21:07:49","slug":"blitz-educativa-mobiliza-londrina-no-combate-a-violencia-sexual-contra-criancas-e-adolescentes","status":"publish","type":"post","link":"https:\/\/projetos.uel.br\/praxis\/noticias\/2025\/06\/09\/blitz-educativa-mobiliza-londrina-no-combate-a-violencia-sexual-contra-criancas-e-adolescentes\/","title":{"rendered":"Blitz Educativa mobiliza Londrina no combate \u00e0 viol\u00eancia sexual contra crian\u00e7as e adolescentes"},"content":{"rendered":"\n<p>Na quarta-feira, dia 21 de maio, a regi\u00e3o sul de Londrina foi palco da IV Blitz Educativa, uma a\u00e7\u00e3o integrada da Rede Intersetorial em alus\u00e3o ao 18 de Maio \u2014 Dia Nacional de Combate ao Abuso e \u00e0 Explora\u00e7\u00e3o Sexual de Crian\u00e7as e Adolescentes. A atividade ocorreu em frente ao CRAS Sul A, na Avenida Guilherme de Almeida, das 9h \u00e0s 11h, reunindo profissionais da assist\u00eancia social, educa\u00e7\u00e3o, sa\u00fade, seguran\u00e7a p\u00fablica e representantes da sociedade civil.<\/p>\n\n\n<div class=\"wp-block-image\">\n<figure class=\"aligncenter size-large\"><img loading=\"lazy\" decoding=\"async\" width=\"1024\" height=\"768\" src=\"https:\/\/projetos.uel.br\/praxis\/wp-content\/uploads\/2025\/05\/17-DSCN4467-1024x768.jpg\" alt=\"\" class=\"wp-image-1533\" srcset=\"https:\/\/projetos.uel.br\/praxis\/wp-content\/uploads\/2025\/05\/17-DSCN4467-1024x768.jpg 1024w, https:\/\/projetos.uel.br\/praxis\/wp-content\/uploads\/2025\/05\/17-DSCN4467-300x225.jpg 300w, https:\/\/projetos.uel.br\/praxis\/wp-content\/uploads\/2025\/05\/17-DSCN4467-768x576.jpg 768w, https:\/\/projetos.uel.br\/praxis\/wp-content\/uploads\/2025\/05\/17-DSCN4467-1536x1152.jpg 1536w, https:\/\/projetos.uel.br\/praxis\/wp-content\/uploads\/2025\/05\/17-DSCN4467-2048x1536.jpg 2048w\" sizes=\"auto, (max-width: 1024px) 100vw, 1024px\" \/><figcaption class=\"wp-element-caption\">A\u00e7\u00e3o da IV Blitz Educativa, com crian\u00e7as e adolescentes em frente ao CRAS Sul A (Foto: Clara Borbalan)<\/figcaption><\/figure>\n<\/div>\n\n\n<p>A blitz teve como objetivo principal romper o sil\u00eancio que ainda cerca os casos de viol\u00eancia sexual infantojuvenil, promovendo a conscientiza\u00e7\u00e3o da popula\u00e7\u00e3o sobre a import\u00e2ncia da den\u00fancia e da prote\u00e7\u00e3o integral. Durante a a\u00e7\u00e3o, foram distribu\u00eddos materiais informativos, realizadas abordagens educativas e orienta\u00e7\u00f5es sobre os canais de den\u00fancia dispon\u00edveis, como o Disque 100 e o Conselho Tutelar.<\/p>\n\n\n\n<p>A mobiliza\u00e7\u00e3o integra a campanha nacional \u201cFa\u00e7a Bonito \u2013 Proteja nossas crian\u00e7as e adolescentes\u201d, simbolizada por uma flor amarela que representa a inf\u00e2ncia e a necessidade de um ambiente saud\u00e1vel e protegido para que ela flores\u00e7a. A campanha, institu\u00edda pela Lei Federal 9.970\/00, marca o compromisso com os Direitos Humanos de Crian\u00e7as e Adolescentes e a urg\u00eancia de enfrentar essas formas graves de viol\u00eancia.<\/p>\n\n\n<div class=\"wp-block-image\">\n<figure class=\"aligncenter size-large\"><img loading=\"lazy\" decoding=\"async\" width=\"1024\" height=\"768\" src=\"https:\/\/projetos.uel.br\/praxis\/wp-content\/uploads\/2025\/05\/13-DSCN4452-1024x768.jpg\" alt=\"\" class=\"wp-image-1529\" srcset=\"https:\/\/projetos.uel.br\/praxis\/wp-content\/uploads\/2025\/05\/13-DSCN4452-1024x768.jpg 1024w, https:\/\/projetos.uel.br\/praxis\/wp-content\/uploads\/2025\/05\/13-DSCN4452-300x225.jpg 300w, https:\/\/projetos.uel.br\/praxis\/wp-content\/uploads\/2025\/05\/13-DSCN4452-768x576.jpg 768w, https:\/\/projetos.uel.br\/praxis\/wp-content\/uploads\/2025\/05\/13-DSCN4452-1536x1152.jpg 1536w, https:\/\/projetos.uel.br\/praxis\/wp-content\/uploads\/2025\/05\/13-DSCN4452-2048x1536.jpg 2048w\" sizes=\"auto, (max-width: 1024px) 100vw, 1024px\" \/><figcaption class=\"wp-element-caption\">Campanha &#8220;Fa\u00e7a Bonito&#8221; na IV Blitz Educativa, em Londrina (Foto: Clara Borbalan)<\/figcaption><\/figure>\n<\/div>\n\n\n<p>A a\u00e7\u00e3o contou com a participa\u00e7\u00e3o ativa de crian\u00e7as, adolescentes e profissionais engajados na causa. Segundo informa\u00e7\u00f5es da Prefeitura de Londrina, em 2024 foram registrados mais de mil casos envolvendo viol\u00eancia contra crian\u00e7as e adolescentes, dos quais cerca de 350 relacionados \u00e0 viol\u00eancia sexual. Esses dados refor\u00e7am a necessidade de a\u00e7\u00f5es cont\u00ednuas e coordenadas para proteger crian\u00e7as e adolescentes da viol\u00eancia sexual.<\/p>\n\n\n\n<p>\u201cA\u00e7\u00f5es como essa, assim que acontecem, a gente sente o aumento no volume de den\u00fancias, n\u00e3o s\u00f3 n\u00f3s da Pol\u00edcia Civil, mas tamb\u00e9m com a professora na escola, com a pr\u00f3pria fam\u00edlia, com pessoas pr\u00f3ximas, porque o aluno vendo que existe esse carinho e prote\u00e7\u00e3o, ele se sente confort\u00e1vel para conversar fazendo com que a not\u00edcia chegue nas autoridades. \u00c9 muito importante que a\u00e7\u00f5es como essa aconte\u00e7am e o estado brasieleiro j\u00e1 entendeu que \u00e9 muito necess\u00e1rio, ter um momento, um dia, um m\u00eas para falar sobre\u201d, compartilha Fernando Amarantino Ribeiro, chefe da 10\u00aa Subdivis\u00e3o Policial de Londrina.<\/p>\n\n\n\n<p>A Blitz Educativa demonstrou que a responsabilidade pela prote\u00e7\u00e3o de crian\u00e7as e adolescentes n\u00e3o \u00e9 apenas do poder p\u00fablico, mas da fam\u00edlia e de toda a sociedade. Desde a fam\u00edlia, at\u00e9 os vizinhos, professores, profissionais da sa\u00fade ou comerciantes, todos desempenham um papel essencial para que a preven\u00e7\u00e3o e o enfrentamento dessa viol\u00eancia ocorra.&nbsp;<\/p>\n\n\n\n<p>Assim como afirma Elen Luz, conselheira tutelar na regi\u00e3o sul de Londrina, \u201cA contribui\u00e7\u00e3o que todo cidad\u00e3o deve ter, \u00e9 a consci\u00eancia de que a crian\u00e7a e o adolescente s\u00e3o responsabilidades de todos n\u00f3s, da fam\u00edlia, da sociedade e do estado, isso est\u00e1 previsto no ECA, Estatuto da Crian\u00e7a e Adolescente. A forma de contribui\u00e7\u00e3o \u00e9 que em suspeita de viola\u00e7\u00e3o, \u00e9 dever comunicar e informar aos \u00f3rg\u00e3os competentes para que as medidas legais sejam prontamente efetivadas\u201d.<\/p>\n\n\n<div class=\"wp-block-image\">\n<figure class=\"aligncenter size-large\"><img loading=\"lazy\" decoding=\"async\" width=\"1024\" height=\"703\" src=\"https:\/\/projetos.uel.br\/praxis\/wp-content\/uploads\/2025\/05\/7-DSCN4409-1024x703.jpg\" alt=\"\" class=\"wp-image-1523\" srcset=\"https:\/\/projetos.uel.br\/praxis\/wp-content\/uploads\/2025\/05\/7-DSCN4409-1024x703.jpg 1024w, https:\/\/projetos.uel.br\/praxis\/wp-content\/uploads\/2025\/05\/7-DSCN4409-300x206.jpg 300w, https:\/\/projetos.uel.br\/praxis\/wp-content\/uploads\/2025\/05\/7-DSCN4409-768x527.jpg 768w, https:\/\/projetos.uel.br\/praxis\/wp-content\/uploads\/2025\/05\/7-DSCN4409-1536x1054.jpg 1536w, https:\/\/projetos.uel.br\/praxis\/wp-content\/uploads\/2025\/05\/7-DSCN4409-2048x1406.jpg 2048w\" sizes=\"auto, (max-width: 1024px) 100vw, 1024px\" \/><figcaption class=\"wp-element-caption\">Elen Luz discursando na IV Blitz Educativa (Foto: Clara Borbalan)<\/figcaption><\/figure>\n<\/div>\n\n\n<p>Equipes de diversos \u00f3rg\u00e3os e institui\u00e7\u00f5es que comp\u00f5em a Rede Intersetorial da Regi\u00e3o Sul de Londrina estiveram presentes no ato, como o pr\u00f3prio Cras sul A, a Pol\u00edcia Civil, o Ilece, a Autimizar, dentre outros.<\/p>\n\n\n\n<p>Para mais informa\u00e7\u00f5es sobre a campanha, como ela ocorreu e pr\u00f3ximas mobiliza\u00e7\u00f5es sobre esse e outros assuntos, acesse: <a href=\"https:\/\/projetos.uel.br\/praxis\/\">o site <\/a> ou <a href=\"https:\/\/www.instagram.com\/praxisitinerante\/\" data-type=\"link\" data-id=\"https:\/\/www.instagram.com\/praxisitinerante\/\">o Instagram do Pr\u00e1xis Itinerante.<\/a><\/p>\n\n\n\n<p><\/p>\n","protected":false},"excerpt":{"rendered":"<p>Na quarta-feira, dia 21 de maio, a regi\u00e3o sul de Londrina foi palco da IV Blitz Educativa, uma a\u00e7\u00e3o integrada da Rede Intersetorial em alus\u00e3o ao 18 de Maio \u2014 Dia Nacional de Combate ao Abuso e \u00e0 Explora\u00e7\u00e3o Sexual de Crian\u00e7as e Adolescentes. A atividade ocorreu em frente ao CRAS Sul A, na Avenida [&hellip;]<\/p>\n","protected":false},"author":12,"featured_media":1529,"comment_status":"open","ping_status":"open","sticky":false,"template":"","format":"standard","meta":{"_acf_changed":false,"footnotes":""},"categories":[1],"tags":[],"class_list":["post-1739","post","type-post","status-publish","format-standard","has-post-thumbnail","hentry","category-noticias"],"acf":[],"_links":{"self":[{"href":"https:\/\/projetos.uel.br\/praxis\/wp-json\/wp\/v2\/posts\/1739","targetHints":{"allow":["GET"]}}],"collection":[{"href":"https:\/\/projetos.uel.br\/praxis\/wp-json\/wp\/v2\/posts"}],"about":[{"href":"https:\/\/projetos.uel.br\/praxis\/wp-json\/wp\/v2\/types\/post"}],"author":[{"embeddable":true,"href":"https:\/\/projetos.uel.br\/praxis\/wp-json\/wp\/v2\/users\/12"}],"replies":[{"embeddable":true,"href":"https:\/\/projetos.uel.br\/praxis\/wp-json\/wp\/v2\/comments?post=1739"}],"version-history":[{"count":1,"href":"https:\/\/projetos.uel.br\/praxis\/wp-json\/wp\/v2\/posts\/1739\/revisions"}],"predecessor-version":[{"id":1740,"href":"https:\/\/projetos.uel.br\/praxis\/wp-json\/wp\/v2\/posts\/1739\/revisions\/1740"}],"wp:featuredmedia":[{"embeddable":true,"href":"https:\/\/projetos.uel.br\/praxis\/wp-json\/wp\/v2\/media\/1529"}],"wp:attachment":[{"href":"https:\/\/projetos.uel.br\/praxis\/wp-json\/wp\/v2\/media?parent=1739"}],"wp:term":[{"taxonomy":"category","embeddable":true,"href":"https:\/\/projetos.uel.br\/praxis\/wp-json\/wp\/v2\/categories?post=1739"},{"taxonomy":"post_tag","embeddable":true,"href":"https:\/\/projetos.uel.br\/praxis\/wp-json\/wp\/v2\/tags?post=1739"}],"curies":[{"name":"wp","href":"https:\/\/api.w.org\/{rel}","templated":true}]}}