{"id":1466,"date":"2025-05-26T17:11:35","date_gmt":"2025-05-26T20:11:35","guid":{"rendered":"https:\/\/projetos.uel.br\/praxis\/?p=1466"},"modified":"2025-06-09T18:06:57","modified_gmt":"2025-06-09T21:06:57","slug":"1466","status":"publish","type":"post","link":"https:\/\/projetos.uel.br\/praxis\/noticias\/2025\/05\/26\/1466\/","title":{"rendered":"Come\u00e7aram as inscri\u00e7\u00f5es do ENEM 2025"},"content":{"rendered":"\n<p>As inscri\u00e7\u00f5es do ENEM come\u00e7aram dia 26 de maio e v\u00e3o at\u00e9 o dia 13 de junho. As provas acontecer\u00e3o nos domingos 09 e 16 de novembro de 2025.<\/p>\n\n\n\n<p>Para realizar a inscri\u00e7\u00e3o \u00e9 necess\u00e1rio acessar a <a href=\"https:\/\/enem.inep.gov.br\/participante\/#!\/\" data-type=\"link\" data-id=\"https:\/\/enem.inep.gov.br\/participante\/#!\/\">P\u00e1gina do Participante<\/a>. <\/p>\n\n\n<div class=\"wp-block-image\">\n<figure class=\"aligncenter size-full is-resized\"><img loading=\"lazy\" decoding=\"async\" width=\"729\" height=\"330\" src=\"https:\/\/projetos.uel.br\/praxis\/wp-content\/uploads\/2025\/05\/1.png\" alt=\"\" class=\"wp-image-1467\" style=\"width:669px;height:auto\" srcset=\"https:\/\/projetos.uel.br\/praxis\/wp-content\/uploads\/2025\/05\/1.png 729w, https:\/\/projetos.uel.br\/praxis\/wp-content\/uploads\/2025\/05\/1-300x136.png 300w\" sizes=\"auto, (max-width: 729px) 100vw, 729px\" \/><\/figure>\n<\/div>\n\n\n<p>Clicando em &#8220;Inscri\u00e7\u00e3o&#8221;, ser\u00e1 necess\u00e1rio preencher os seguintes dados:<\/p>\n\n\n<div class=\"wp-block-image\">\n<figure class=\"aligncenter size-full\"><img loading=\"lazy\" decoding=\"async\" width=\"269\" height=\"456\" src=\"https:\/\/projetos.uel.br\/praxis\/wp-content\/uploads\/2025\/05\/10.png\" alt=\"\" class=\"wp-image-1468\" srcset=\"https:\/\/projetos.uel.br\/praxis\/wp-content\/uploads\/2025\/05\/10.png 269w, https:\/\/projetos.uel.br\/praxis\/wp-content\/uploads\/2025\/05\/10-177x300.png 177w\" sizes=\"auto, (max-width: 269px) 100vw, 269px\" \/><\/figure>\n<\/div>\n\n\n<p>Depois \u00e9 s\u00f3 enviar e a inscri\u00e7\u00e3o est\u00e1 completa!<\/p>\n\n\n<div class=\"wp-block-image\">\n<figure class=\"aligncenter size-full\"><img loading=\"lazy\" decoding=\"async\" width=\"407\" height=\"91\" src=\"https:\/\/projetos.uel.br\/praxis\/wp-content\/uploads\/2025\/05\/9.png\" alt=\"\" class=\"wp-image-1469\" srcset=\"https:\/\/projetos.uel.br\/praxis\/wp-content\/uploads\/2025\/05\/9.png 407w, https:\/\/projetos.uel.br\/praxis\/wp-content\/uploads\/2025\/05\/9-300x67.png 300w\" sizes=\"auto, (max-width: 407px) 100vw, 407px\" \/><\/figure>\n<\/div>\n\n\n<p><\/p>\n","protected":false},"excerpt":{"rendered":"<p>As inscri\u00e7\u00f5es do ENEM come\u00e7aram dia 26 de maio e v\u00e3o at\u00e9 o dia 13 de junho. As provas acontecer\u00e3o nos domingos 09 e 16 de novembro de 2025. Para realizar a inscri\u00e7\u00e3o \u00e9 necess\u00e1rio acessar a P\u00e1gina do Participante. Clicando em &#8220;Inscri\u00e7\u00e3o&#8221;, ser\u00e1 necess\u00e1rio preencher os seguintes dados: Depois \u00e9 s\u00f3 enviar e a [&hellip;]<\/p>\n","protected":false},"author":12,"featured_media":1720,"comment_status":"open","ping_status":"open","sticky":false,"template":"","format":"standard","meta":{"_acf_changed":false,"footnotes":""},"categories":[32,1],"tags":[37],"class_list":["post-1466","post","type-post","status-publish","format-standard","has-post-thumbnail","hentry","category-educacao","category-noticias","tag-vestibular"],"acf":[],"_links":{"self":[{"href":"https:\/\/projetos.uel.br\/praxis\/wp-json\/wp\/v2\/posts\/1466","targetHints":{"allow":["GET"]}}],"collection":[{"href":"https:\/\/projetos.uel.br\/praxis\/wp-json\/wp\/v2\/posts"}],"about":[{"href":"https:\/\/projetos.uel.br\/praxis\/wp-json\/wp\/v2\/types\/post"}],"author":[{"embeddable":true,"href":"https:\/\/projetos.uel.br\/praxis\/wp-json\/wp\/v2\/users\/12"}],"replies":[{"embeddable":true,"href":"https:\/\/projetos.uel.br\/praxis\/wp-json\/wp\/v2\/comments?post=1466"}],"version-history":[{"count":6,"href":"https:\/\/projetos.uel.br\/praxis\/wp-json\/wp\/v2\/posts\/1466\/revisions"}],"predecessor-version":[{"id":1741,"href":"https:\/\/projetos.uel.br\/praxis\/wp-json\/wp\/v2\/posts\/1466\/revisions\/1741"}],"wp:featuredmedia":[{"embeddable":true,"href":"https:\/\/projetos.uel.br\/praxis\/wp-json\/wp\/v2\/media\/1720"}],"wp:attachment":[{"href":"https:\/\/projetos.uel.br\/praxis\/wp-json\/wp\/v2\/media?parent=1466"}],"wp:term":[{"taxonomy":"category","embeddable":true,"href":"https:\/\/projetos.uel.br\/praxis\/wp-json\/wp\/v2\/categories?post=1466"},{"taxonomy":"post_tag","embeddable":true,"href":"https:\/\/projetos.uel.br\/praxis\/wp-json\/wp\/v2\/tags?post=1466"}],"curies":[{"name":"wp","href":"https:\/\/api.w.org\/{rel}","templated":true}]}}