{"id":1417,"date":"2025-05-21T15:25:16","date_gmt":"2025-05-21T18:25:16","guid":{"rendered":"https:\/\/projetos.uel.br\/praxis\/?p=1417"},"modified":"2025-05-21T17:55:44","modified_gmt":"2025-05-21T20:55:44","slug":"cinepraxis-discute-a-ditadura-militar-no-brasil-com-exibicao-de-ainda-estou-aqui-e-a-exposicao-paginas-de-luta","status":"publish","type":"post","link":"https:\/\/projetos.uel.br\/praxis\/noticias\/2025\/05\/21\/cinepraxis-discute-a-ditadura-militar-no-brasil-com-exibicao-de-ainda-estou-aqui-e-a-exposicao-paginas-de-luta\/","title":{"rendered":"Mem\u00f3ria e resist\u00eancia: CinePr\u00e1xis promove debate sobre a ditadura militar no Brasil com exibi\u00e7\u00e3o de &#8220;Ainda Estou Aqui&#8221; e exposi\u00e7\u00e3o &#8220;P\u00e1ginas de Luta&#8221;."},"content":{"rendered":"\n<p>O <strong>Programa de Extens\u00e3o Pr\u00e1xis Itinerante<\/strong> exibir\u00e1 na pr\u00f3xima quinta-feira (22) o\u00a0longa-metragem<strong> <a href=\"https:\/\/pt.wikipedia.org\/wiki\/Ainda_Estou_Aqui_(filme_de_2024)\" data-type=\"link\" data-id=\"https:\/\/pt.wikipedia.org\/wiki\/Ainda_Estou_Aqui_(filme_de_2024)\">Ainda Estou Aqui<\/a><\/strong>, como parte de uma a\u00e7\u00e3o que articula cinema, mem\u00f3ria e debate. A atividade de socioeduca\u00e7\u00e3o, tem como objetivo promover reflex\u00f5es sobre democracia e direitos humanos. A a\u00e7\u00e3o acontecer\u00e1 no per\u00edodo matutino e vespertino com sess\u00f5es \u00e0s 9h e 15h no Anfiteatro do CESA da Universidade Estadual de Londrina (UEL) e contar\u00e1 com a participa\u00e7\u00e3o de jovens atendidos pela <a href=\"https:\/\/epesmel.org.br\/\"><strong>Escola Profissional e Social do Menor de Londrina (EPESMEL).<\/strong><\/a><\/p>\n\n\n\n<p>Para o Cientista Social e bolsista do Programa, <strong>Alexsander Barbosa<\/strong>, a articula\u00e7\u00e3o cultural com o objetivo de discutir a ditadura militar brasileira \u00e9 de extrema import\u00e2ncia no cen\u00e1rio atual. &#8220;\u00c9 com grande satisfa\u00e7\u00e3o que participamos da organiza\u00e7\u00e3o desta a\u00e7\u00e3o juntamente com a EPESMEL, onde poderemos articular cinema, mem\u00f3ria e debate para refletir sobre temas fundamentais da nossa sociedade. Discutir a ditadura militar no Brasil, especialmente com a exibi\u00e7\u00e3o do filme Ainda Estou Aqui e a exposi\u00e7\u00e3o P\u00e1ginas de Luta, \u00e9 mais do que um resgate hist\u00f3rico \u2014 \u00e9 um compromisso com a democracia, com os direitos humanos e com a forma\u00e7\u00e3o cr\u00edtica das novas gera\u00e7\u00f5es. A presen\u00e7a dos jovens e adolescentes da EPESMEL nessa a\u00e7\u00e3o \u00e9 muito importante, ainda mais que, muitas das vezes s\u00e3o invisibilizados nos espa\u00e7os de debate. Dessa forma, essa a\u00e7\u00e3o visa olhar para a nossa hist\u00f3ria recente atrav\u00e9s de um olhar para o passado. Ao conhecerem a trajet\u00f3ria de pessoas como Eunice Paiva e as mulheres que resistiram atrav\u00e9s do Jornal Brasil Mulher, eles poder\u00e3o entrar em contato com exemplos reais de coragem, luta e resili\u00eancia&#8221;, destaca o cientista.<\/p>\n\n\n\n<p>Alexsander refor\u00e7a que a inten\u00e7\u00e3o da a\u00e7\u00e3o \u00e9 provocar inquieta\u00e7\u00f5es, reflex\u00f5es e, acima de tudo, fortalecer o senso de cidadania desses jovens. &#8220;Mais do que lembrar o passado, estamos semeando consci\u00eancia para que possam construir um futuro mais justo, democr\u00e1tico e solid\u00e1rio. A EPESMEL tem um papel essencial nesse processo, e \u00e9 uma honra para n\u00f3s contar com a participa\u00e7\u00e3o desses estudantes neste momento de troca e aprendizado coletivo&#8221;.<\/p>\n\n\n\n<p>A a\u00e7\u00e3o ser\u00e1 aberta para toda comunidade interna e externa da Universidade Estadual de Londrina.<\/p>\n\n\n\n<p><strong>SOBRE O FILME<\/strong><\/p>\n\n\n\n<p>O filme <a href=\"https:\/\/pt.wikipedia.org\/wiki\/Ainda_Estou_Aqui_(filme_de_2024)\"><strong>Ainda Estou Aqui<\/strong><\/a>, dirigido por Walter Salles e vencedor do Oscar de Melhor Filme Internacional narra a hist\u00f3ria da fam\u00edlia Paiva &#8211; Rubens, Eunice e seus cinco filhos, no in\u00edcio da d\u00e9cada de 1970, em um Brasil que enfrentava o endurecimento da ditadura militar. Um dia, Rubens Paiva \u00e9 levado por militares \u00e0 paisana e desaparece. Eunice &#8211; cuja busca pela verdade sobre o destino de seu marido se estenderia por d\u00e9cadas &#8211; \u00e9 obrigada a se reinventar e tra\u00e7ar um novo futuro para si e seus filhos.<\/p>\n\n\n\n<p><strong>EXPOSI\u00c7\u00c3O P\u00c1GINAS DE LUTA<\/strong><\/p>\n\n\n\n<p>Al\u00e9m do filme, o p\u00fablico poder\u00e1 visitar a exposi\u00e7\u00e3o<a href=\"https:\/\/operobal.uel.br\/ensino\/2025\/03\/10\/exposicao-aborda-trajetoria-do-jornal-brasil-mulher-criado-em-londrina-na-decada-de-1970\/\" data-type=\"link\" data-id=\"https:\/\/operobal.uel.br\/ensino\/2025\/03\/10\/exposicao-aborda-trajetoria-do-jornal-brasil-mulher-criado-em-londrina-na-decada-de-1970\/\"> <strong>P\u00e1ginas de Luta &#8211; O Jornal Brasil Mulher e a Resist\u00eancia Feminina em Londrina<\/strong><\/a>, com curadoria da cientista social <strong>L\u00edvia Campanheli<\/strong>. A mostra destaca o papel hist\u00f3rico do Jornal Brasil Mulher, fundado em Londrina, como uma das principais vozes da resist\u00eancia feminina durante o regime militar. A exposi\u00e7\u00e3o re\u00fane documentos in\u00e9ditos do Servi\u00e7o Nacional de Informa\u00e7\u00f5es (SNI), oriundos da pesquisa vinculada ao projeto \u201cOs documentos in\u00e9ditos dos arquivos do SNI (Paran\u00e1-BR), do Projeto Opening The Archives e CIA (EUA)\u201d, com apoio do CNPq e da Funda\u00e7\u00e3o Arauc\u00e1ria.<\/p>\n\n\n\n<p><br><\/p>\n\n\n\n<figure class=\"wp-block-image size-large\"><img decoding=\"async\" src=\"https:\/\/projetos.uel.br\/praxis\/wp-content\/uploads\/2025\/05\/Cine-praxis-1024x427.png\" alt=\"\" class=\"wp-image-1423\"\/><\/figure>\n\n\n\n<p><strong>Servi\u00e7o:<\/strong><\/p>\n\n\n\n<p><strong>Data:<\/strong> Quinta-feira, 22 de maio<br><strong>Hor\u00e1rios:<\/strong> Sess\u00f5es \u00e0s 9h e 15h<br><strong>Local:<\/strong> Anfiteatro do CESA \u2013 Universidade Estadual de Londrina (UEL)<br><strong>Filme:<\/strong> <em>Ainda Estou Aqui<\/em> (2021, 72 min, 12 anos)<br><strong>Exposi\u00e7\u00e3o:<\/strong> <em>P\u00e1ginas de Luta \u2013 O Jornal Brasil Mulher e a Resist\u00eancia Feminina em Londrina<\/em> \u2013 Curadoria de L\u00edvia Campanheli<br><strong>Entrada gratuita<\/strong><\/p>\n\n\n\n<p><\/p>\n","protected":false},"excerpt":{"rendered":"<p>O Programa de Extens\u00e3o Pr\u00e1xis Itinerante exibir\u00e1 na pr\u00f3xima quinta-feira (22) o\u00a0longa-metragem Ainda Estou Aqui, como parte de uma a\u00e7\u00e3o que articula cinema, mem\u00f3ria e debate. A atividade de socioeduca\u00e7\u00e3o, tem como objetivo promover reflex\u00f5es sobre democracia e direitos humanos. A a\u00e7\u00e3o acontecer\u00e1 no per\u00edodo matutino e vespertino com sess\u00f5es \u00e0s 9h e 15h no [&hellip;]<\/p>\n","protected":false},"author":1,"featured_media":1423,"comment_status":"open","ping_status":"open","sticky":false,"template":"","format":"standard","meta":{"_acf_changed":false,"footnotes":""},"categories":[33,1],"tags":[36],"class_list":["post-1417","post","type-post","status-publish","format-standard","has-post-thumbnail","hentry","category-cultura","category-noticias","tag-cinepraxis"],"acf":[],"_links":{"self":[{"href":"https:\/\/projetos.uel.br\/praxis\/wp-json\/wp\/v2\/posts\/1417","targetHints":{"allow":["GET"]}}],"collection":[{"href":"https:\/\/projetos.uel.br\/praxis\/wp-json\/wp\/v2\/posts"}],"about":[{"href":"https:\/\/projetos.uel.br\/praxis\/wp-json\/wp\/v2\/types\/post"}],"author":[{"embeddable":true,"href":"https:\/\/projetos.uel.br\/praxis\/wp-json\/wp\/v2\/users\/1"}],"replies":[{"embeddable":true,"href":"https:\/\/projetos.uel.br\/praxis\/wp-json\/wp\/v2\/comments?post=1417"}],"version-history":[{"count":10,"href":"https:\/\/projetos.uel.br\/praxis\/wp-json\/wp\/v2\/posts\/1417\/revisions"}],"predecessor-version":[{"id":1445,"href":"https:\/\/projetos.uel.br\/praxis\/wp-json\/wp\/v2\/posts\/1417\/revisions\/1445"}],"wp:featuredmedia":[{"embeddable":true,"href":"https:\/\/projetos.uel.br\/praxis\/wp-json\/wp\/v2\/media\/1423"}],"wp:attachment":[{"href":"https:\/\/projetos.uel.br\/praxis\/wp-json\/wp\/v2\/media?parent=1417"}],"wp:term":[{"taxonomy":"category","embeddable":true,"href":"https:\/\/projetos.uel.br\/praxis\/wp-json\/wp\/v2\/categories?post=1417"},{"taxonomy":"post_tag","embeddable":true,"href":"https:\/\/projetos.uel.br\/praxis\/wp-json\/wp\/v2\/tags?post=1417"}],"curies":[{"name":"wp","href":"https:\/\/api.w.org\/{rel}","templated":true}]}}