{"id":1406,"date":"2025-05-20T15:34:20","date_gmt":"2025-05-20T18:34:20","guid":{"rendered":"https:\/\/projetos.uel.br\/praxis\/?p=1406"},"modified":"2025-05-20T19:36:44","modified_gmt":"2025-05-20T22:36:44","slug":"londrina-promove-iv-blitz-educativa-no-combate-ao-abuso-e-a-exploracao-sexual-de-criancas-e-adolescentes","status":"publish","type":"post","link":"https:\/\/projetos.uel.br\/praxis\/noticias\/2025\/05\/20\/londrina-promove-iv-blitz-educativa-no-combate-ao-abuso-e-a-exploracao-sexual-de-criancas-e-adolescentes\/","title":{"rendered":"Londrina promove IV Blitz Educativa no Combate ao Abuso e \u00e0 Explora\u00e7\u00e3o Sexual de Crian\u00e7as e Adolescentes"},"content":{"rendered":"\n<p>A <strong>Rede Intersetorial da Regi\u00e3o Sul de Londrina<\/strong> realizar\u00e1, nessa quarta-feira, 21 de maio, a <strong>IV Blitz Educativa no Combate ao Abuso e \u00e0 Explora\u00e7\u00e3o Sexual de Crian\u00e7as e Adolescentes<\/strong>. A a\u00e7\u00e3o acontecer\u00e1 <strong>das 9h \u00e0s 11h<\/strong>, no CRAS Sul A, localizado na Avenida Guilherme de Almeida, 2270.<\/p>\n\n\n<div class=\"wp-block-image\">\n<figure class=\"aligncenter size-large\"><img loading=\"lazy\" decoding=\"async\" width=\"724\" height=\"1024\" src=\"https:\/\/projetos.uel.br\/praxis\/wp-content\/uploads\/2025\/05\/teste-724x1024.png\" alt=\"\" class=\"wp-image-1407\" srcset=\"https:\/\/projetos.uel.br\/praxis\/wp-content\/uploads\/2025\/05\/teste-724x1024.png 724w, https:\/\/projetos.uel.br\/praxis\/wp-content\/uploads\/2025\/05\/teste-212x300.png 212w, https:\/\/projetos.uel.br\/praxis\/wp-content\/uploads\/2025\/05\/teste-768x1086.png 768w, https:\/\/projetos.uel.br\/praxis\/wp-content\/uploads\/2025\/05\/teste-1086x1536.png 1086w, https:\/\/projetos.uel.br\/praxis\/wp-content\/uploads\/2025\/05\/teste-1448x2048.png 1448w, https:\/\/projetos.uel.br\/praxis\/wp-content\/uploads\/2025\/05\/teste-scaled.png 1810w\" sizes=\"auto, (max-width: 724px) 100vw, 724px\" \/><figcaption class=\"wp-element-caption\"><strong>Designer: Alexsander Barbosa<\/strong><\/figcaption><\/figure>\n<\/div>\n\n\n<p>O evento integra as mobiliza\u00e7\u00f5es do 18 de Maio \u2013 Dia Nacional de Combate ao Abuso e \u00e0 Explora\u00e7\u00e3o Sexual de Crian\u00e7as e Adolescentes, institu\u00eddo pela <strong>Lei Federal 9.970\/00<\/strong>, uma importante conquista da sociedade civil brasileira na luta pela prote\u00e7\u00e3o da inf\u00e2ncia e adolesc\u00eancia. A data relembra a urg\u00eancia de enfrentar essas formas graves de viol\u00eancia e marca o compromisso com os Direitos Humanos de Crian\u00e7as e Adolescentes.<\/p>\n\n\n\n<p>A <strong>Blitz Educativa<\/strong> tem como miss\u00e3o romper o sil\u00eancio, promovendo a informa\u00e7\u00e3o, a conscientiza\u00e7\u00e3o e o est\u00edmulo \u00e0 den\u00fancia. Durante a a\u00e7\u00e3o, equipes da Rede Intersetorial estar\u00e3o nas ruas para distribuir materiais informativos, orientar a popula\u00e7\u00e3o e dialogar sobre como identificar sinais de abuso, como proceder diante de uma suspeita e quais canais procurar.<\/p>\n\n\n\n<p>A mobiliza\u00e7\u00e3o tamb\u00e9m busca mostrar que a responsabilidade pela prote\u00e7\u00e3o de crian\u00e7as e adolescentes n\u00e3o \u00e9 apenas do poder p\u00fablico de acordo com <strong>Estatuto da Crian\u00e7a e do Adolescente (ECA)<\/strong>, mas da fam\u00edlia e de toda a sociedade. Professores, vizinhos, familiares, comerciantes, profissionais da sa\u00fade \u2014 todos t\u00eam um papel essencial na preven\u00e7\u00e3o e no enfrentamento dessa viol\u00eancia.<\/p>\n\n\n\n<p>A Blitz integra a campanha nacional \u201c<strong>Fa\u00e7a Bonito \u2013 Proteja nossas crian\u00e7as e adolescentes<\/strong>\u201d, organizada pelo Comit\u00ea Nacional de Enfrentamento \u00e0 Viol\u00eancia Sexual contra Crian\u00e7as e Adolescentes. O s\u00edmbolo da campanha \u00e9 uma flor amarela, que representa a inf\u00e2ncia e a necessidade de um ambiente saud\u00e1vel e protegido para que ela flores\u00e7a. Mais informa\u00e7\u00f5es sobre a campanha e materiais educativos est\u00e3o dispon\u00edveis em: <a href=\"https:\/\/www.facabonito.org\/18demaio\">www.facabonito.org\/18demaio<\/a><\/p>\n\n\n\n<p>&nbsp;<strong>Informa\u00e7\u00f5es e d\u00favidas sobre a Blitz:<\/strong> (43) 3378-0398<br>&nbsp;<strong>Local:<\/strong> CRAS Sul A \u2013 Av. Guilherme de Almeida, 2270<br>&nbsp;<strong>Data e hor\u00e1rio:<\/strong> 21\/05, das 9h \u00e0s 11h<\/p>\n\n\n\n<p><\/p>\n","protected":false},"excerpt":{"rendered":"<p>A Rede Intersetorial da Regi\u00e3o Sul de Londrina realizar\u00e1, nessa quarta-feira, 21 de maio, a IV Blitz Educativa no Combate ao Abuso e \u00e0 Explora\u00e7\u00e3o Sexual de Crian\u00e7as e Adolescentes. A a\u00e7\u00e3o acontecer\u00e1 das 9h \u00e0s 11h, no CRAS Sul A, localizado na Avenida Guilherme de Almeida, 2270. O evento integra as mobiliza\u00e7\u00f5es do 18 [&hellip;]<\/p>\n","protected":false},"author":10,"featured_media":1412,"comment_status":"open","ping_status":"open","sticky":false,"template":"","format":"standard","meta":{"_acf_changed":false,"footnotes":""},"categories":[1],"tags":[],"class_list":["post-1406","post","type-post","status-publish","format-standard","has-post-thumbnail","hentry","category-noticias"],"acf":[],"_links":{"self":[{"href":"https:\/\/projetos.uel.br\/praxis\/wp-json\/wp\/v2\/posts\/1406","targetHints":{"allow":["GET"]}}],"collection":[{"href":"https:\/\/projetos.uel.br\/praxis\/wp-json\/wp\/v2\/posts"}],"about":[{"href":"https:\/\/projetos.uel.br\/praxis\/wp-json\/wp\/v2\/types\/post"}],"author":[{"embeddable":true,"href":"https:\/\/projetos.uel.br\/praxis\/wp-json\/wp\/v2\/users\/10"}],"replies":[{"embeddable":true,"href":"https:\/\/projetos.uel.br\/praxis\/wp-json\/wp\/v2\/comments?post=1406"}],"version-history":[{"count":6,"href":"https:\/\/projetos.uel.br\/praxis\/wp-json\/wp\/v2\/posts\/1406\/revisions"}],"predecessor-version":[{"id":1415,"href":"https:\/\/projetos.uel.br\/praxis\/wp-json\/wp\/v2\/posts\/1406\/revisions\/1415"}],"wp:featuredmedia":[{"embeddable":true,"href":"https:\/\/projetos.uel.br\/praxis\/wp-json\/wp\/v2\/media\/1412"}],"wp:attachment":[{"href":"https:\/\/projetos.uel.br\/praxis\/wp-json\/wp\/v2\/media?parent=1406"}],"wp:term":[{"taxonomy":"category","embeddable":true,"href":"https:\/\/projetos.uel.br\/praxis\/wp-json\/wp\/v2\/categories?post=1406"},{"taxonomy":"post_tag","embeddable":true,"href":"https:\/\/projetos.uel.br\/praxis\/wp-json\/wp\/v2\/tags?post=1406"}],"curies":[{"name":"wp","href":"https:\/\/api.w.org\/{rel}","templated":true}]}}