{"id":1281,"date":"2025-05-06T17:15:36","date_gmt":"2025-05-06T20:15:36","guid":{"rendered":"https:\/\/projetos.uel.br\/praxis\/?p=1281"},"modified":"2025-05-27T18:29:05","modified_gmt":"2025-05-27T21:29:05","slug":"1281","status":"publish","type":"post","link":"https:\/\/projetos.uel.br\/praxis\/noticias\/2025\/05\/06\/1281\/","title":{"rendered":"Como fazer a isen\u00e7\u00e3o no Vestibular da UEL?"},"content":{"rendered":"\n<p>A Coordenadoria de Processos Seletivos (Cops) e o Servi\u00e7o de Bem Estar \u00e0 Comunidade (SEBEC) da UEL divulgaram o edital de\u00a0<a href=\"https:\/\/sites.uel.br\/vestibular\/isencao-ou-desconto\/\" target=\"_blank\" rel=\"noreferrer noopener\">isen\u00e7\u00e3o<\/a>\u00a0de pagamento do pre\u00e7o referente \u00e0 inscri\u00e7\u00e3o do\u00a0<a href=\"https:\/\/operobal.uel.br\/vestibular\/2025\/04\/24\/uel-aprimora-vestibular-2026-com-horario-estendido-e-prova-especifica-em-cursos-concorridos\/\" target=\"_blank\" rel=\"noreferrer noopener\">Vestibular UEL 2026<\/a>.<\/p>\n\n\n\n<p>A solicita\u00e7\u00e3o \u00e9 para estudantes que frequentaram o Ensino Fundamental e o Ensino M\u00e9dio completo na rede p\u00fablica de ensino, na Educa\u00e7\u00e3o de Jovens e Adultos (EJA) e ou que foram bolsistas da rede privada de ensino, com bolsa integral, conforme especificado em edital.&nbsp;<\/p>\n\n\n\n<p>\u00c9 poss\u00edvel fazer o exame de gra\u00e7a ou com 30% ou 50% de desconto na inscri\u00e7\u00e3o das seguintes formas: <\/p>\n\n\n\n<p><strong>Isen\u00e7\u00e3o pelo NIS:<\/strong><\/p>\n\n\n\n<p>Ser\u00e1 concedida a isen\u00e7\u00e3o de 100% no valor da inscri\u00e7\u00e3o.<\/p>\n\n\n\n<ul class=\"wp-block-list\">\n<li>Quem pode solicitar:\n<ul class=\"wp-block-list\">\n<li>Estudantes que possuem o N\u00famero de Identifica\u00e7\u00e3o Social (NIS), atribu\u00eddo pelo Cadastro \u00danico (Cad\u00danico) atualizado. O candidato dever\u00e1 ser membro de fam\u00edlia de baixa renda, atendendo aos requisitos do Cad\u00danico para Programas Sociais do Governo Federal, conforme&nbsp;<a href=\"https:\/\/www.planalto.gov.br\/ccivil_03\/_ato2007-2010\/2007\/decreto\/d6135.htm\" target=\"_blank\" rel=\"noreferrer noopener\">Decreto Federal n\u00ba 6.135\/2007<\/a>.<\/li>\n<\/ul>\n<\/li>\n\n\n\n<li>Onde solicitar: \n<ul class=\"wp-block-list\">\n<li>O pedido de isen\u00e7\u00e3o do pagamento dever\u00e1 ser feito pelo requerimento que pode ser acessado no <a href=\"https:\/\/www.cops.uel.br\/\" data-type=\"link\" data-id=\"https:\/\/www.cops.uel.br\/\">site da Cops<\/a> e no <a href=\"https:\/\/sites.uel.br\/vestibular\/\" data-type=\"link\" data-id=\"https:\/\/sites.uel.br\/vestibular\/\">portal do Vestibular.&nbsp;<\/a> <\/li>\n<\/ul>\n<\/li>\n\n\n\n<li>Prazo de solicita\u00e7\u00e3o:\n<ul class=\"wp-block-list\">\n<li>A partir<strong> das 17h do dia 5 de maio, at\u00e9 \u00e0s 17h do dia 11 de junho.<\/strong>&nbsp;<\/li>\n<\/ul>\n<\/li>\n\n\n\n<li>Resultado:\n<ul class=\"wp-block-list\">\n<li>O resultado de pedidos indeferidos (n\u00e3o aprovados) e deferidos (aprovados) ser\u00e1 divulgado <strong>\u00e0s 17h do dia 13 de junho.&nbsp;<\/strong><\/li>\n<\/ul>\n<\/li>\n\n\n\n<li>Pedido de recurso para solicita\u00e7\u00f5es indeferidas (n\u00e3o aprovados):\n<ul class=\"wp-block-list\">\n<li><strong>Das 17h do dia 13 de junho at\u00e9 as 17h do dia 15 de junho.<\/strong><\/li>\n<\/ul>\n<\/li>\n<\/ul>\n\n\n\n<p>No dia 17 de junho, ser\u00e3o divulgados o resultado do recurso e o Edital final da sele\u00e7\u00e3o para isen\u00e7\u00e3o pelo NIS.<\/p>\n\n\n\n<p><strong>Ap\u00f3s o resultado final, os candidatos contemplados com a isen\u00e7\u00e3o dever\u00e3o obrigatoriamente realizar o processo de inscri\u00e7\u00e3o no Vestibular UEL 2026, entre os dias 1\u00ba de julho a 14 de agosto.&nbsp;<\/strong><\/p>\n\n\n\n<p><strong><mark style=\"background-color:rgba(0, 0, 0, 0)\" class=\"has-inline-color has-verde-claro-color\">Isen\u00e7\u00e3o por an\u00e1lise socioecon\u00f4mica<\/mark><\/strong>:<\/p>\n\n\n\n<p>Os candidatos poder\u00e3o receber desconto integral, de 30% e 50% do pre\u00e7o p\u00fablico da inscri\u00e7\u00e3o, que ser\u00e1 concedido de acordo com a renda per capta da fam\u00edlia.&nbsp;<\/p>\n\n\n\n<ul class=\"wp-block-list\">\n<li>Quem pode solicitar?\n<ul class=\"wp-block-list\">\n<li>Estudantes interessados em participar do processo de an\u00e1lise socioecon\u00f4mica que frequentaram o Ensino Fundamental e o Ensino M\u00e9dio completo na rede p\u00fablica de ensino, na Educa\u00e7\u00e3o de Jovens e Adultos (EJA) e ou que foram bolsistas da rede privada de ensino, com bolsa integral, conforme especificado em edital.&nbsp;<\/li>\n<\/ul>\n<\/li>\n\n\n\n<li>Onde solicitar:\n<ul class=\"wp-block-list\">\n<li>Por meio de preenchimento de formul\u00e1rio que estar\u00e1 dispon\u00edvel no portal do <a href=\"https:\/\/sites.uel.br\/sebec\/\" data-type=\"link\" data-id=\"https:\/\/sites.uel.br\/sebec\/\">Sebec<\/a> e da <a href=\"https:\/\/www.cops.uel.br\/\" data-type=\"link\" data-id=\"https:\/\/www.cops.uel.br\/\">Cops.<\/a><\/li>\n<\/ul>\n<\/li>\n\n\n\n<li>Prazo de solicita\u00e7\u00e3o: \n<ul class=\"wp-block-list\">\n<li>Dos dias <strong>09 a 23 de junho.<\/strong> <\/li>\n<\/ul>\n<\/li>\n\n\n\n<li>Resultado: \n<ul class=\"wp-block-list\">\n<li>Ser\u00e1 divulgado em <strong>1\u00ba de agosto<\/strong>, nos portais da Cops e do Sebec.<\/li>\n<\/ul>\n<\/li>\n<\/ul>\n\n\n\n<p><strong>Ap\u00f3s este per\u00edodo os candidatos poder\u00e3o se inscrever no Vestibular da UEL e garantir o desconto, at\u00e9 dia 14 de agosto.&nbsp;<\/strong><\/p>\n\n\n\n<p><strong>\u26a0\ufe0f<\/strong> Importante: A solicita\u00e7\u00e3o de isen\u00e7\u00e3o n\u00e3o garante a inscri\u00e7\u00e3o no Vestibular da UEL 2026. Ainda ser\u00e1 necess\u00e1rio se inscrever no processo seletivo at\u00e9 dia 14 de agosto. <\/p>\n\n\n\n<p><strong>Cronograma Vestibular UEL 2026<\/strong><\/p>\n\n\n\n<figure class=\"wp-block-table\"><table class=\"has-fixed-layout\"><tbody><tr><td>Isen\u00e7\u00e3o pelo NIS\/Cad\u00danico<\/td><td>5 de maio a 11 de junho<\/td><\/tr><tr><td>Isen\u00e7\u00e3o por an\u00e1lise socioecon\u00f4mica<\/td><td>9 a 23 de junho<\/td><\/tr><tr><td>Inscri\u00e7\u00f5es&nbsp;<\/td><td>1\u00ba de julho e 14 de agosto<\/td><\/tr><tr><td>Provas de Habilidades Espec\u00edficas (PHE)<\/td><td>14 de setembro<\/td><\/tr><tr><td>Prova de Conhecimentos Gerais e Prova de Reda\u00e7\u00e3o<\/td><td>26 de outubro<\/td><\/tr><tr><td>Prova de Conhecimentos Espec\u00edficos<\/td><td>27 de outubro<\/td><\/tr><\/tbody><\/table><\/figure>\n\n\n\n<p>Mais informa\u00e7\u00f5es sobre as formas de ingresso na Universidade e sobre o Vestibular da UEL no <a href=\"https:\/\/projetos.uel.br\/praxis\/educacao\/noticias\/2025\/04\/09\/universidade-para-todos\/\" data-type=\"link\" data-id=\"https:\/\/projetos.uel.br\/praxis\/educacao\/noticias\/2025\/04\/09\/universidade-para-todos\/\">site do Pr\u00e1xis Itinerante.<\/a> <\/p>\n\n\n\n<p><\/p>\n","protected":false},"excerpt":{"rendered":"<p>A Coordenadoria de Processos Seletivos (Cops) e o Servi\u00e7o de Bem Estar \u00e0 Comunidade (SEBEC) da UEL divulgaram o edital de\u00a0isen\u00e7\u00e3o\u00a0de pagamento do pre\u00e7o referente \u00e0 inscri\u00e7\u00e3o do\u00a0Vestibular UEL 2026. A solicita\u00e7\u00e3o \u00e9 para estudantes que frequentaram o Ensino Fundamental e o Ensino M\u00e9dio completo na rede p\u00fablica de ensino, na Educa\u00e7\u00e3o de Jovens e [&hellip;]<\/p>\n","protected":false},"author":12,"featured_media":1329,"comment_status":"open","ping_status":"open","sticky":false,"template":"","format":"standard","meta":{"_acf_changed":false,"footnotes":""},"categories":[32,1],"tags":[37],"class_list":["post-1281","post","type-post","status-publish","format-standard","has-post-thumbnail","hentry","category-educacao","category-noticias","tag-vestibular"],"acf":[],"_links":{"self":[{"href":"https:\/\/projetos.uel.br\/praxis\/wp-json\/wp\/v2\/posts\/1281","targetHints":{"allow":["GET"]}}],"collection":[{"href":"https:\/\/projetos.uel.br\/praxis\/wp-json\/wp\/v2\/posts"}],"about":[{"href":"https:\/\/projetos.uel.br\/praxis\/wp-json\/wp\/v2\/types\/post"}],"author":[{"embeddable":true,"href":"https:\/\/projetos.uel.br\/praxis\/wp-json\/wp\/v2\/users\/12"}],"replies":[{"embeddable":true,"href":"https:\/\/projetos.uel.br\/praxis\/wp-json\/wp\/v2\/comments?post=1281"}],"version-history":[{"count":5,"href":"https:\/\/projetos.uel.br\/praxis\/wp-json\/wp\/v2\/posts\/1281\/revisions"}],"predecessor-version":[{"id":1323,"href":"https:\/\/projetos.uel.br\/praxis\/wp-json\/wp\/v2\/posts\/1281\/revisions\/1323"}],"wp:featuredmedia":[{"embeddable":true,"href":"https:\/\/projetos.uel.br\/praxis\/wp-json\/wp\/v2\/media\/1329"}],"wp:attachment":[{"href":"https:\/\/projetos.uel.br\/praxis\/wp-json\/wp\/v2\/media?parent=1281"}],"wp:term":[{"taxonomy":"category","embeddable":true,"href":"https:\/\/projetos.uel.br\/praxis\/wp-json\/wp\/v2\/categories?post=1281"},{"taxonomy":"post_tag","embeddable":true,"href":"https:\/\/projetos.uel.br\/praxis\/wp-json\/wp\/v2\/tags?post=1281"}],"curies":[{"name":"wp","href":"https:\/\/api.w.org\/{rel}","templated":true}]}}