{"id":1266,"date":"2025-04-30T16:16:40","date_gmt":"2025-04-30T19:16:40","guid":{"rendered":"https:\/\/projetos.uel.br\/praxis\/?p=1266"},"modified":"2025-05-07T16:10:57","modified_gmt":"2025-05-07T19:10:57","slug":"teste","status":"publish","type":"post","link":"https:\/\/projetos.uel.br\/praxis\/noticias\/2025\/04\/30\/teste\/","title":{"rendered":"O Programa de Extens\u00e3o Pr\u00e1xis Itinerante divulga hoje o seu novo site"},"content":{"rendered":"\n<p class=\"has-text-align-left\">Nesta ter\u00e7a-feira (06), o Programa de Extens\u00e3o Pr\u00e1xis Itinerante anuncia o seu site oficial. A p\u00e1gina tem como objetivo apresentar o Programa e suas atua\u00e7\u00f5es, al\u00e9m de potencializar a dissemina\u00e7\u00e3o cientifica e&nbsp;cultural em atividades futuras, juntamente com o <a href=\"https:\/\/www.instagram.com\/praxisitinerante\/\" data-type=\"link\" data-id=\"https:\/\/www.instagram.com\/praxisitinerante\/\">Instagram do Pr\u00e1xis<\/a>.<\/p>\n\n\n\n<p>Segundo um dos criadores da plataforma e estudante de ci\u00eancias sociais, Tiago Daniel, o Programa articula diversas iniciativas que s\u00e3o de interesse geral da comunidade e o site \u00e9 uma maneira mais eficaz de promo\u00e7\u00e3o desses conte\u00fados. \u201cO Pr\u00e1xis trabalha diretamente com juventudes, que est\u00e3o muito presentes no mundo virtual, ent\u00e3o ter um portal de informa\u00e7\u00f5es digitais \u00e9 de extrema import\u00e2ncia para que a gente chegue em novos lugares.\u201d&nbsp;O tamb\u00e9m criador do site, cientista social e designer gr\u00e1fico, Alexsander Barbosa, conta que com a cria\u00e7\u00e3o da p\u00e1gina, a comunidade externa ter\u00e1 um maior entendimento do Pr\u00e1xis Itinerante, suas atividades e onde elas acontecem, reunindo o que o Programa realizou e ainda realizar\u00e1.&nbsp;<\/p>\n\n\n\n<p>O site \u00e9 dividido em cinco sess\u00f5es de informa\u00e7\u00e3o: <a href=\"https:\/\/projetos.uel.br\/praxis\/o-praxis-2\/\" data-type=\"link\" data-id=\"https:\/\/projetos.uel.br\/praxis\/o-praxis-2\/\">Quem somos<\/a>, <a href=\"https:\/\/projetos.uel.br\/praxis\/categoria\/cultura\/\" data-type=\"link\" data-id=\"https:\/\/projetos.uel.br\/praxis\/categoria\/cultura\/\">Cultura<\/a>, <a href=\"https:\/\/projetos.uel.br\/praxis\/categoria\/educacao\/\" data-type=\"link\" data-id=\"https:\/\/projetos.uel.br\/praxis\/categoria\/educacao\/\">Educa\u00e7\u00e3o<\/a>, <a href=\"https:\/\/projetos.uel.br\/praxis\/popularizacao-da-ciencia\/\" data-type=\"link\" data-id=\"https:\/\/projetos.uel.br\/praxis\/popularizacao-da-ciencia\/\">Populariza\u00e7\u00e3o da Ci\u00eancia<\/a>, e <a href=\"https:\/\/projetos.uel.br\/praxis\/anais-praxis-itinerante\/\" data-type=\"link\" data-id=\"https:\/\/projetos.uel.br\/praxis\/anais-praxis-itinerante\/\">Anais do Pr\u00e1xis Itinerante<\/a>.&nbsp;<\/p>\n\n\n\n<p><a href=\"https:\/\/projetos.uel.br\/praxis\/o-praxis-2\/\" data-type=\"link\" data-id=\"https:\/\/projetos.uel.br\/praxis\/o-praxis-2\/\">A primeira sess\u00e3o <\/a>apresenta o Programa, suas atua\u00e7\u00f5es, a equipe de 2025 e as formas de contato do Pr\u00e1xis. Na aba intitulada <a href=\"https:\/\/projetos.uel.br\/praxis\/categoria\/educacao\/\" data-type=\"link\" data-id=\"https:\/\/projetos.uel.br\/praxis\/categoria\/educacao\/\">\u201cEduca\u00e7\u00e3o\u201d<\/a> encontram-se importantes realiza\u00e7\u00f5es educacionais do Pr\u00e1xis Itinerante, desde sua funda\u00e7\u00e3o, em 2018. Em <a href=\"https:\/\/projetos.uel.br\/praxis\/categoria\/cultura\/\" data-type=\"link\" data-id=\"https:\/\/projetos.uel.br\/praxis\/categoria\/cultura\/\">\u201cCultura\u201d<\/a>, est\u00e3o anexadas as atividades culturais mais recentes desenvolvidas pelo programa, que tiveram grande impacto para a valoriza\u00e7\u00e3o cultural. A quarta aba, <a href=\"https:\/\/projetos.uel.br\/praxis\/popularizacao-da-ciencia\/\" data-type=\"link\" data-id=\"https:\/\/projetos.uel.br\/praxis\/popularizacao-da-ciencia\/\">\u201cPopulariza\u00e7\u00e3o da Ci\u00eancia\u201d<\/a> \u00e9 um compilado de todas as produ\u00e7\u00f5es acad\u00eamicas, produ\u00e7\u00f5es art\u00edsticas e intera\u00e7\u00f5es com a m\u00eddia publicados referentes ao Pr\u00e1xis Itinerante e suas atividades, sendo assim, um reflexo de como o programa atinge a comunidade londrinense, popularizando a ci\u00eancia, promovendo educa\u00e7\u00e3o e democratizando a cultura. Por fim, em <a href=\"https:\/\/projetos.uel.br\/praxis\/anais-praxis-itinerante\/\" data-type=\"link\" data-id=\"https:\/\/projetos.uel.br\/praxis\/anais-praxis-itinerante\/\">\u201cAnais do Pr\u00e1xis Itinerante\u201d<\/a> cont\u00e9m os Anais publicados do programa.\u00a0<\/p>\n\n\n\n<p>O endere\u00e7o eletr\u00f4nico \u00e9 <a href=\"https:\/\/projetos.uel.br\/praxis\/\">https:\/\/projetos.uel.br\/praxis\/<\/a>, que faz parte do <a href=\"https:\/\/portal.uel.br\/\" data-type=\"link\" data-id=\"https:\/\/portal.uel.br\/\">site oficial da UEL.<\/a>&nbsp;<\/p>\n\n\n\n<p>O Prof. Dr. Fabio Lanza, coordenador do Programa, conta a hist\u00f3ria do Pr\u00e1xis e a import\u00e2ncia do site:&nbsp;<\/p>\n\n\n\n<figure class=\"wp-block-audio aligncenter\"><audio controls src=\"https:\/\/projetos.uel.br\/praxis\/wp-content\/uploads\/2025\/04\/AUDIO-LNZAA-1.mp3\"><\/audio><\/figure>\n\n\n\n<p><strong>Ficha t\u00e9cnica&nbsp;<\/strong><\/p>\n\n\n\n<p>O desenvolvimento da plataforma foi feito pela estudante de Jornalismo, Clara Borbalan, o cientista social e designer gr\u00e1fico, Alexsander Barbosa e o estudante de Ci\u00eancias Sociais, Tiago Daniel, todos da <a href=\"https:\/\/projetos.uel.br\/praxis\/composicao-atual\/\" data-type=\"link\" data-id=\"https:\/\/projetos.uel.br\/praxis\/composicao-atual\/\">equipe do Pr\u00e1xis Itinerante.&nbsp;<\/a>&nbsp;<\/p>\n","protected":false},"excerpt":{"rendered":"<p>Nesta ter\u00e7a-feira (06), o Programa de Extens\u00e3o Pr\u00e1xis Itinerante anuncia o seu site oficial. A p\u00e1gina tem como objetivo apresentar o Programa e suas atua\u00e7\u00f5es, al\u00e9m de potencializar a dissemina\u00e7\u00e3o cientifica e&nbsp;cultural em atividades futuras, juntamente com o Instagram do Pr\u00e1xis. Segundo um dos criadores da plataforma e estudante de ci\u00eancias sociais, Tiago Daniel, o [&hellip;]<\/p>\n","protected":false},"author":12,"featured_media":1291,"comment_status":"open","ping_status":"open","sticky":false,"template":"","format":"standard","meta":{"_acf_changed":false,"footnotes":""},"categories":[1],"tags":[],"class_list":["post-1266","post","type-post","status-publish","format-standard","has-post-thumbnail","hentry","category-noticias"],"acf":[],"_links":{"self":[{"href":"https:\/\/projetos.uel.br\/praxis\/wp-json\/wp\/v2\/posts\/1266","targetHints":{"allow":["GET"]}}],"collection":[{"href":"https:\/\/projetos.uel.br\/praxis\/wp-json\/wp\/v2\/posts"}],"about":[{"href":"https:\/\/projetos.uel.br\/praxis\/wp-json\/wp\/v2\/types\/post"}],"author":[{"embeddable":true,"href":"https:\/\/projetos.uel.br\/praxis\/wp-json\/wp\/v2\/users\/12"}],"replies":[{"embeddable":true,"href":"https:\/\/projetos.uel.br\/praxis\/wp-json\/wp\/v2\/comments?post=1266"}],"version-history":[{"count":8,"href":"https:\/\/projetos.uel.br\/praxis\/wp-json\/wp\/v2\/posts\/1266\/revisions"}],"predecessor-version":[{"id":1318,"href":"https:\/\/projetos.uel.br\/praxis\/wp-json\/wp\/v2\/posts\/1266\/revisions\/1318"}],"wp:featuredmedia":[{"embeddable":true,"href":"https:\/\/projetos.uel.br\/praxis\/wp-json\/wp\/v2\/media\/1291"}],"wp:attachment":[{"href":"https:\/\/projetos.uel.br\/praxis\/wp-json\/wp\/v2\/media?parent=1266"}],"wp:term":[{"taxonomy":"category","embeddable":true,"href":"https:\/\/projetos.uel.br\/praxis\/wp-json\/wp\/v2\/categories?post=1266"},{"taxonomy":"post_tag","embeddable":true,"href":"https:\/\/projetos.uel.br\/praxis\/wp-json\/wp\/v2\/tags?post=1266"}],"curies":[{"name":"wp","href":"https:\/\/api.w.org\/{rel}","templated":true}]}}