{"id":99,"date":"2025-08-28T14:58:03","date_gmt":"2025-08-28T17:58:03","guid":{"rendered":"https:\/\/projetos.uel.br\/espanhol-no-vestibular\/?p=99"},"modified":"2025-08-28T14:59:33","modified_gmt":"2025-08-28T17:59:33","slug":"programa-abre-vagas-para-imersao-cultural-e-aprimoramento-da-lingua-espanhola-no-chile","status":"publish","type":"post","link":"https:\/\/projetos.uel.br\/espanhol-no-vestibular\/sem-categoria\/2025\/08\/28\/programa-abre-vagas-para-imersao-cultural-e-aprimoramento-da-lingua-espanhola-no-chile\/","title":{"rendered":"Programa abre vagas para imers\u00e3o cultural e aprimoramento da l\u00edngua espanhola no Chile\u00a0"},"content":{"rendered":"\n<p>O Programa de Forma\u00e7\u00e3o Complementar (PFC) voltado \u00e0 imers\u00e3o cultural e o aprimoramento de l\u00ednguas estrangeiras por meio de viagens acad\u00eamicas internacionais da UEL est\u00e1 com vagas abertas para a sua edi\u00e7\u00e3o de 2025. Agendada para setembro deste ano, a pr\u00f3xima edi\u00e7\u00e3o ser\u00e1 em Santiago, no Chile.&nbsp;<\/p>\n\n\n\n<p>Conforme a coordenadora, a professora do curso de&nbsp;<a href=\"https:\/\/www.instagram.com\/secretariadoexecutivo.uel\/\" target=\"_blank\" rel=\"noreferrer noopener\">Secretariado Executivo<\/a>&nbsp;(CESA) Marluce Fagotti de Paiva, o objetivo do programa \u00e9 promover a internacionaliza\u00e7\u00e3o curricular dos participantes por meio do estudo de l\u00ednguas estrangeiras, visitas profissionais, acad\u00eamicas e culturais, e do desenvolvimento da autonomia no exterior. Deste modo, o roteiro da viagem envolve al\u00e9m de pontos tur\u00edsticos, aulas em universidades, centros de pesquisas e visitas a empresas.&nbsp;&nbsp;<\/p>\n\n\n\n<p>Em 2025, o programa completa dez anos de atividades desenvolvidas, per\u00edodo em que seis viagens internacionais foram promovidas. Os destinos visitados foram: Cidade do Cabo (\u00c1frica do Sul), Santiago (Chile), Londres (Inglaterra), Montevid\u00e9u (Uruguai), Val\u00eancia (Espanha) e Dubai (Emirados \u00c1rabes Unidos), com participa\u00e7\u00e3o de graduandos, principalmente de Secretariado Executivo e Letras, docentes, servidores e egressos.<a href=\"https:\/\/www.instagram.com\/reel\/DHCoRo3RbdC\/?utm_source=ig_embed&amp;utm_campaign=loading\" target=\"_blank\" rel=\"noreferrer noopener\"><\/a><a href=\"https:\/\/www.instagram.com\/reel\/DHCoRo3RbdC\/?utm_source=ig_embed&amp;utm_campaign=loading\" target=\"_blank\" rel=\"noreferrer noopener\"><\/a><\/p>\n\n\n\n<p>O pr\u00f3ximo destino contar\u00e1 com a colabora\u00e7\u00e3o da professora do curso de Letras Espanhol (CLCH) D\u00e9bora Xavier e est\u00e1 com vagas abertas para graduandos, docentes e servidores que queiram participar.&nbsp;Mais informa\u00e7\u00f5es podem ser solicitadas pelos e mails&nbsp;<a href=\"mailto:marluce@uel.br\">marluce@uel.br<\/a>&nbsp;ou&nbsp;<a href=\"mailto:colegiadosecret@uel.br\">colegiadosecret@uel.br<\/a>.<\/p>\n\n\n\n<p>Publicado em<br>26 de mar\u00e7o de 2025<br>15h53<\/p>\n\n\n\n<p><\/p>\n","protected":false},"excerpt":{"rendered":"<p>O Programa de Forma\u00e7\u00e3o Complementar (PFC) voltado \u00e0 imers\u00e3o cultural e o aprimoramento de l\u00ednguas estrangeiras por meio de viagens acad\u00eamicas internacionais da UEL est\u00e1 com vagas abertas para a sua edi\u00e7\u00e3o de 2025. Agendada para setembro deste ano, a pr\u00f3xima edi\u00e7\u00e3o ser\u00e1 em Santiago, no Chile.&nbsp; Conforme a coordenadora, a professora do curso de&nbsp;Secretariado [&hellip;]<\/p>\n","protected":false},"author":6,"featured_media":101,"comment_status":"open","ping_status":"open","sticky":false,"template":"","format":"standard","meta":{"_acf_changed":false,"_themeisle_gutenberg_block_has_review":false,"footnotes":""},"categories":[1],"tags":[],"class_list":["post-99","post","type-post","status-publish","format-standard","has-post-thumbnail","hentry","category-sem-categoria"],"acf":[],"_links":{"self":[{"href":"https:\/\/projetos.uel.br\/espanhol-no-vestibular\/wp-json\/wp\/v2\/posts\/99","targetHints":{"allow":["GET"]}}],"collection":[{"href":"https:\/\/projetos.uel.br\/espanhol-no-vestibular\/wp-json\/wp\/v2\/posts"}],"about":[{"href":"https:\/\/projetos.uel.br\/espanhol-no-vestibular\/wp-json\/wp\/v2\/types\/post"}],"author":[{"embeddable":true,"href":"https:\/\/projetos.uel.br\/espanhol-no-vestibular\/wp-json\/wp\/v2\/users\/6"}],"replies":[{"embeddable":true,"href":"https:\/\/projetos.uel.br\/espanhol-no-vestibular\/wp-json\/wp\/v2\/comments?post=99"}],"version-history":[{"count":1,"href":"https:\/\/projetos.uel.br\/espanhol-no-vestibular\/wp-json\/wp\/v2\/posts\/99\/revisions"}],"predecessor-version":[{"id":100,"href":"https:\/\/projetos.uel.br\/espanhol-no-vestibular\/wp-json\/wp\/v2\/posts\/99\/revisions\/100"}],"wp:featuredmedia":[{"embeddable":true,"href":"https:\/\/projetos.uel.br\/espanhol-no-vestibular\/wp-json\/wp\/v2\/media\/101"}],"wp:attachment":[{"href":"https:\/\/projetos.uel.br\/espanhol-no-vestibular\/wp-json\/wp\/v2\/media?parent=99"}],"wp:term":[{"taxonomy":"category","embeddable":true,"href":"https:\/\/projetos.uel.br\/espanhol-no-vestibular\/wp-json\/wp\/v2\/categories?post=99"},{"taxonomy":"post_tag","embeddable":true,"href":"https:\/\/projetos.uel.br\/espanhol-no-vestibular\/wp-json\/wp\/v2\/tags?post=99"}],"curies":[{"name":"wp","href":"https:\/\/api.w.org\/{rel}","templated":true}]}}