{"id":96,"date":"2025-08-28T14:55:19","date_gmt":"2025-08-28T17:55:19","guid":{"rendered":"https:\/\/projetos.uel.br\/espanhol-no-vestibular\/?p=96"},"modified":"2025-08-28T14:55:51","modified_gmt":"2025-08-28T17:55:51","slug":"colegio-aplicacao-recebe-inscricoes-para-cursos-de-espanhol-e-libras","status":"publish","type":"post","link":"https:\/\/projetos.uel.br\/espanhol-no-vestibular\/sem-categoria\/2025\/08\/28\/colegio-aplicacao-recebe-inscricoes-para-cursos-de-espanhol-e-libras\/","title":{"rendered":"Col\u00e9gio Aplica\u00e7\u00e3o recebe inscri\u00e7\u00f5es para cursos de espanhol e Libras"},"content":{"rendered":"\n<p>O CELEM (Centro de L\u00ednguas Estrangeiras Modernas \u2013 Paran\u00e1) do Col\u00e9gio de Aplica\u00e7\u00e3o da UEL est\u00e1 recebendo inscri\u00e7\u00f5es para cursos de espanhol e de L\u00edngua Brasileira de Sinais (Libras). Voltado para alunos com 14 anos ou mais e comunidade escolar, os cursos ter\u00e3o in\u00edcio em 2025.<\/p>\n\n\n\n<p>A turma Espanhol I e Libras I ter\u00e3o aulas \u00e0s ter\u00e7as e quintas, das 18h40 \u00e0s 20h20. Espanhol II e Libras II ser\u00e3o \u00e0s segundas e quartas, mesmo hor\u00e1rio. Para a matr\u00edcula, \u00e9 necess\u00e1rio apresentar certid\u00e3o de nascimento ou casamento; RG e CPF; comprovante de resid\u00eancia (como conta de \u00e1gua ou energia el\u00e9trica) em nome do aluno ou respons\u00e1vel.<\/p>\n\n\n\n<p>O Col\u00e9gio de Aplica\u00e7\u00e3o fica na rua Piau\u00ed, 720, e atende das 8 \u00e0s 12h e das 14 \u00e0s 20h. Mais informa\u00e7\u00f5es podem ser obtidas pelos telefones (43) 3371-1857 e 3371-1858.<\/p>\n\n\n\n<p><\/p>\n","protected":false},"excerpt":{"rendered":"<p>O CELEM (Centro de L\u00ednguas Estrangeiras Modernas \u2013 Paran\u00e1) do Col\u00e9gio de Aplica\u00e7\u00e3o da UEL est\u00e1 recebendo inscri\u00e7\u00f5es para cursos de espanhol e de L\u00edngua Brasileira de Sinais (Libras). Voltado para alunos com 14 anos ou mais e comunidade escolar, os cursos ter\u00e3o in\u00edcio em 2025. A turma Espanhol I e Libras I ter\u00e3o aulas [&hellip;]<\/p>\n","protected":false},"author":6,"featured_media":98,"comment_status":"open","ping_status":"open","sticky":false,"template":"","format":"standard","meta":{"_acf_changed":false,"_themeisle_gutenberg_block_has_review":false,"footnotes":""},"categories":[1],"tags":[],"class_list":["post-96","post","type-post","status-publish","format-standard","has-post-thumbnail","hentry","category-sem-categoria"],"acf":[],"_links":{"self":[{"href":"https:\/\/projetos.uel.br\/espanhol-no-vestibular\/wp-json\/wp\/v2\/posts\/96","targetHints":{"allow":["GET"]}}],"collection":[{"href":"https:\/\/projetos.uel.br\/espanhol-no-vestibular\/wp-json\/wp\/v2\/posts"}],"about":[{"href":"https:\/\/projetos.uel.br\/espanhol-no-vestibular\/wp-json\/wp\/v2\/types\/post"}],"author":[{"embeddable":true,"href":"https:\/\/projetos.uel.br\/espanhol-no-vestibular\/wp-json\/wp\/v2\/users\/6"}],"replies":[{"embeddable":true,"href":"https:\/\/projetos.uel.br\/espanhol-no-vestibular\/wp-json\/wp\/v2\/comments?post=96"}],"version-history":[{"count":1,"href":"https:\/\/projetos.uel.br\/espanhol-no-vestibular\/wp-json\/wp\/v2\/posts\/96\/revisions"}],"predecessor-version":[{"id":97,"href":"https:\/\/projetos.uel.br\/espanhol-no-vestibular\/wp-json\/wp\/v2\/posts\/96\/revisions\/97"}],"wp:featuredmedia":[{"embeddable":true,"href":"https:\/\/projetos.uel.br\/espanhol-no-vestibular\/wp-json\/wp\/v2\/media\/98"}],"wp:attachment":[{"href":"https:\/\/projetos.uel.br\/espanhol-no-vestibular\/wp-json\/wp\/v2\/media?parent=96"}],"wp:term":[{"taxonomy":"category","embeddable":true,"href":"https:\/\/projetos.uel.br\/espanhol-no-vestibular\/wp-json\/wp\/v2\/categories?post=96"},{"taxonomy":"post_tag","embeddable":true,"href":"https:\/\/projetos.uel.br\/espanhol-no-vestibular\/wp-json\/wp\/v2\/tags?post=96"}],"curies":[{"name":"wp","href":"https:\/\/api.w.org\/{rel}","templated":true}]}}